{"id":116871,"date":"2020-06-09T06:00:00","date_gmt":"2020-06-09T11:00:00","guid":{"rendered":"https:\/\/plazajuarez.mx\/?p=116871"},"modified":"2020-06-08T21:22:20","modified_gmt":"2020-06-09T02:22:20","slug":"involucran-a-dos-policias-en-el-robo-de-una-pistola","status":"publish","type":"post","link":"https:\/\/plazajuarez.mx\/historico\/involucran-a-dos-policias-en-el-robo-de-una-pistola\/","title":{"rendered":"Involucran a dos polic\u00edas en el robo de una pistola"},"content":{"rendered":"\n<ul class=\"wp-block-list\"><li><strong>Quien resguardaba el arma, dice que la dej\u00f3 en un escritorio&nbsp;<\/strong><\/li><\/ul>\n\n\n\n<ul class=\"wp-block-list\"><li><strong>En fuentes extraoficiales se dio a conocer que en menos de dos a\u00f1os\u00a0 se ha suscitado el robo de varias armas<\/strong><\/li><\/ul>\n\n\n\n<!--more-->\n\n\n\n<p>Involucran a dos mandos policiacos de la Secretar\u00eda de Seguridad P\u00fablica Municipal, en el robo de una pistola de cargo, dentro de las mismas instalaciones de esta corporaci\u00f3n.<\/p>\n\n\n\n<p>Los hechos, que se suscitaron el pasado domingo en la madrugada, fueron reportado al titular de la dependencia, Alejandro Cruz P\u00e9rez, por el elemento policiaco Ricardo Vaca, quien se encontraba como responsable del \u00e1rea de armamento de la Secretar\u00eda de Seguridad P\u00fablica Municipal de Tepeapulco.<\/p>\n\n\n\n<p>Al hacer su informe de la desaparici\u00f3n de la pistola tipo escuadra,&nbsp; calibre 9 mil\u00edmetros y su cargador, menciona que \u00e9sta le fue entregada por un elemento que solicit\u00f3 un permiso para ausentarse de sus funciones y \u00e9sta (la pistola) deber\u00eda ser ingresada&nbsp; al \u00e1rea de resguardo de armamento, el cual se encuentra al interior de las instalaciones que alberga la Secretar\u00eda de Seguridad P\u00fablica Municipal de Tepeapulco.<\/p>\n\n\n\n<p>En el acta que levant\u00f3 el oficial Ricardo Vaca, se\u00f1ala que la mencionada arma de cargo, la dejo arriba de su escritorio cuando se encontraba llenando los papeles del ingreso y la recepci\u00f3n de la misma, cuando dos mandos policiacos, que fueron identificados con los nombres cuyas iniciales son JER y CBC, entraron en esos momentos a las instalaciones.<\/p>\n\n\n\n<p>Tras unos minutos de platicar&nbsp; con ambos polic\u00edas municipales, los dos se retiraron del lugar, y fue cuando se percat\u00f3 que la pistola de cargo, hab\u00eda desaparecido del lugar. De inmediato sali\u00f3 a buscarlos, para pedir le regresaran el arma, pero ya no los encontr\u00f3 ni en el estacionamiento.<\/p>\n\n\n\n<p>Ante esta situaci\u00f3n dio aviso de los hechos al secretario de Seguridad P\u00fablica municipal, Alejandro Cruz P\u00e9rez, quien le pidi\u00f3 iniciara primero el acta administrativa respectiva y despu\u00e9s acudiera a las instalaciones del Ministerio P\u00fablico Investigador, a levantar la carpeta de investigaci\u00f3n respectiva, por el robo de armamento oficial.&nbsp;<\/p>\n\n\n\n<p>En fuentes extraoficiales se dio a conocer que en menos de dos a\u00f1os&nbsp; se ha suscitado el robo de diferente armamento en el interior de estas instalaciones, sin que hasta la fecha haya sido recuperado o bien dado con los elementos policiacos que han realizado estos robos.<\/p>\n","protected":false},"excerpt":{"rendered":"<p>Quien resguardaba el arma, dice que la dej\u00f3 en un escritorio&nbsp; En fuentes extraoficiales se dio a conocer que en menos de dos a\u00f1os\u00a0 se ha suscitado el robo de varias armas<\/p>\n","protected":false},"author":93,"featured_media":0,"comment_status":"closed","ping_status":"open","sticky":false,"template":"","format":"standard","meta":{"footnotes":""},"categories":[40],"tags":[],"class_list":["post-116871","post","type-post","status-publish","format-standard","hentry","category-region"],"_links":{"self":[{"href":"https:\/\/plazajuarez.mx\/historico\/wp-json\/wp\/v2\/posts\/116871","targetHints":{"allow":["GET"]}}],"collection":[{"href":"https:\/\/plazajuarez.mx\/historico\/wp-json\/wp\/v2\/posts"}],"about":[{"href":"https:\/\/plazajuarez.mx\/historico\/wp-json\/wp\/v2\/types\/post"}],"author":[{"embeddable":true,"href":"https:\/\/plazajuarez.mx\/historico\/wp-json\/wp\/v2\/users\/93"}],"replies":[{"embeddable":true,"href":"https:\/\/plazajuarez.mx\/historico\/wp-json\/wp\/v2\/comments?post=116871"}],"version-history":[{"count":0,"href":"https:\/\/plazajuarez.mx\/historico\/wp-json\/wp\/v2\/posts\/116871\/revisions"}],"wp:attachment":[{"href":"https:\/\/plazajuarez.mx\/historico\/wp-json\/wp\/v2\/media?parent=116871"}],"wp:term":[{"taxonomy":"category","embeddable":true,"href":"https:\/\/plazajuarez.mx\/historico\/wp-json\/wp\/v2\/categories?post=116871"},{"taxonomy":"post_tag","embeddable":true,"href":"https:\/\/plazajuarez.mx\/historico\/wp-json\/wp\/v2\/tags?post=116871"}],"curies":[{"name":"wp","href":"https:\/\/api.w.org\/{rel}","templated":true}]}}