{"id":116870,"date":"2020-06-09T06:00:00","date_gmt":"2020-06-09T11:00:00","guid":{"rendered":"https:\/\/plazajuarez.mx\/?p=116870"},"modified":"2020-06-08T21:16:55","modified_gmt":"2020-06-09T02:16:55","slug":"yair-lopez-el-otro-joven-quien-habria-sido-asesinado-en-tijuana","status":"publish","type":"post","link":"https:\/\/plazajuarez.mx\/historico\/yair-lopez-el-otro-joven-quien-habria-sido-asesinado-en-tijuana\/","title":{"rendered":"Yair L\u00f3pez, el otro joven quien habr\u00eda sido asesinado en Tijuana"},"content":{"rendered":"\n<ul class=\"wp-block-list\"><li><strong>En un video un hombre grita sorprendido &#8220;\u00a1Lo mat\u00f3, lo mat\u00f3!&#8221;, luego que uno de los cinco oficiales, que se muestra en la grabaci\u00f3n, mantuviera su bota sobre el cuello de un joven sin camisa<\/strong><\/li><\/ul>\n\n\n\n<!--more-->\n\n\n\n<p>En d\u00edas en los que el abuso policial parece dominar la agenda en el mundo, se suma la petici\u00f3n para otra v\u00edctima: Yair L\u00f3pez, joven que fue asesinado por un polic\u00eda municipal el 27 de marzo en Tijuana.<\/p>\n\n\n\n<p>En un video un hombre grita sorprendido &#8220;\u00a1Lo mat\u00f3, lo mat\u00f3!&#8221;, luego que uno de los cinco oficiales, que se muestra en la grabaci\u00f3n, mantuviera su bota sobre el cuello de un joven sin camisa.<\/p>\n\n\n\n<p>Al darse cuenta que no se mov\u00eda, un polic\u00eda intenta moverlo pero el hombre no responde. En el video, cuando dos elementos se acercan a los testigos dentro del carro que los grabaron, los acusan de haberlo ahogado.<\/p>\n\n\n\n<p>La v\u00edctima fue identificada como Yair L\u00f3pez, joven de 28 a\u00f1os que viv\u00eda con su madre adoptiva y que fue asesinado una semana antes de que naciera su segundo hijo.<\/p>\n\n\n\n<p>&#8220;Lo extra\u00f1o y me duele tanto que el polic\u00eda est\u00e9 suelto y Yair ya no est\u00e9 conmigo ni con sus hijos&#8221;, explic\u00f3 la pareja de la v\u00edctima; &#8220;a una semana de nacer mi hijo pas\u00f3 esta desgracia&#8221;.<\/p>\n\n\n\n<p>Desde que el joven fue asesinado, lament\u00f3, ninguna autoridad se ha comunicado con ella o con la familia para el seguimiento del caso.<\/p>\n\n\n\n<p>En la grabaci\u00f3n de poco m\u00e1s de 4 minutos, difundida en redes sociales, dos hombres narraban y documentaban con su celular el incidente ocurrido el 27 de marzo, desde el interior de un coche. Durante las im\u00e1genes uno de ellos gritaba: \u00a1Lo est\u00e1 ahorcando, lo est\u00e1 ahorcando\u2026 lo van a matar al pobre!<\/p>\n\n\n\n<p>En este caso, como en el de Giovanni L\u00f3pez, joven alba\u00f1il de Jalisco quien presuntamente fue asesinado por polic\u00edas estatales por no traer cubrebocas, el cineasta mexicano, Guillermo del Toro ha mostrado su apoyo para que se esclarezcan los hechos firmando la petici\u00f3n, dirigida al gobernador de Baja California, Jaime Bonilla, que fue lanzada a trav\u00e9s de Change.org que busca reunir 75 mil firmas.<\/p>\n\n\n\n<p>La Fiscal\u00eda General de Justicia de la Ciudad de M\u00e9xico (FGJCDMX) inici\u00f3 una investigaci\u00f3n tras la agresi\u00f3n que recibi\u00f3 una adolescente por parte de elementos policiales, registrada la tarde de este viernes en la zona centro de la ciudad.<\/p>\n\n\n\n<p>De acuerdo con im\u00e1genes que circulan en redes sociales, se aprecia que elementos de la Secretar\u00eda de Seguridad Ciudadana (SSCCDMX) agreden a una joven que se encontraba en el suelo, durante la movilizaci\u00f3n realizada el d\u00eda de hoy.<\/p>\n\n\n\n<p>En este sentido, la FGJCDMX solicitar\u00e1 a la SSC que ponga a disposici\u00f3n del Ministerio P\u00fablico a los elementos involucrados para deslindar responsabilidades y castigar el abuso policial.<\/p>\n\n\n\n<p>La Fiscal\u00eda General de la Ciudad de M\u00e9xico es garante de las libertades y no permitir\u00e1 la violencia.<\/p>\n\n\n\n<p>La FGJCDMX no tolerar\u00e1 ning\u00fan tipo de abuso cometido por alguna o alg\u00fan servidor p\u00fablico y ser\u00e1 implacable al buscar que se aplique todo el peso de la ley.<\/p>\n","protected":false},"excerpt":{"rendered":"<p>En un video un hombre grita sorprendido &#8220;\u00a1Lo mat\u00f3, lo mat\u00f3!&#8221;, luego que uno de los cinco oficiales, que se muestra en la grabaci\u00f3n, mantuviera su bota sobre el cuello de un joven sin camisa<\/p>\n","protected":false},"author":81,"featured_media":0,"comment_status":"closed","ping_status":"open","sticky":false,"template":"","format":"standard","meta":{"footnotes":""},"categories":[37],"tags":[],"class_list":["post-116870","post","type-post","status-publish","format-standard","hentry","category-barandilla"],"_links":{"self":[{"href":"https:\/\/plazajuarez.mx\/historico\/wp-json\/wp\/v2\/posts\/116870","targetHints":{"allow":["GET"]}}],"collection":[{"href":"https:\/\/plazajuarez.mx\/historico\/wp-json\/wp\/v2\/posts"}],"about":[{"href":"https:\/\/plazajuarez.mx\/historico\/wp-json\/wp\/v2\/types\/post"}],"author":[{"embeddable":true,"href":"https:\/\/plazajuarez.mx\/historico\/wp-json\/wp\/v2\/users\/81"}],"replies":[{"embeddable":true,"href":"https:\/\/plazajuarez.mx\/historico\/wp-json\/wp\/v2\/comments?post=116870"}],"version-history":[{"count":0,"href":"https:\/\/plazajuarez.mx\/historico\/wp-json\/wp\/v2\/posts\/116870\/revisions"}],"wp:attachment":[{"href":"https:\/\/plazajuarez.mx\/historico\/wp-json\/wp\/v2\/media?parent=116870"}],"wp:term":[{"taxonomy":"category","embeddable":true,"href":"https:\/\/plazajuarez.mx\/historico\/wp-json\/wp\/v2\/categories?post=116870"},{"taxonomy":"post_tag","embeddable":true,"href":"https:\/\/plazajuarez.mx\/historico\/wp-json\/wp\/v2\/tags?post=116870"}],"curies":[{"name":"wp","href":"https:\/\/api.w.org\/{rel}","templated":true}]}}