{"id":116777,"date":"2020-06-08T06:00:00","date_gmt":"2020-06-08T11:00:00","guid":{"rendered":"https:\/\/plazajuarez.mx\/?p=116777"},"modified":"2020-06-08T10:04:18","modified_gmt":"2020-06-08T15:04:18","slug":"director-del-imss-zoe-robledo-da-positivo-a-covid-19","status":"publish","type":"post","link":"https:\/\/plazajuarez.mx\/historico\/director-del-imss-zoe-robledo-da-positivo-a-covid-19\/","title":{"rendered":"Director del IMSS Zo\u00e9 Robledo da positivo a Covid-19"},"content":{"rendered":"\n<ul class=\"wp-block-list\"><li><strong>Anoche, dio a conocer en su cuenta de Twitter que result\u00f3 positivo al virus SARS-COV-2<\/strong><\/li><\/ul>\n\n\n\n<!--more-->\n\n\n\n<p>El director del Instituto Mexicano del Seguro Social (IMSS), Zo\u00e9 Robledo, result\u00f3 positivo a Covid-19.<\/p>\n\n\n\n<p>Anoche, dio a conocer en su cuenta de Twitter que result\u00f3 positivo al virus SARS-COV-2 y que se le vigilar\u00e1 tanto a \u00e9l como a sus contactos.<\/p>\n\n\n\n<p>&#8220;Quiero informar que hoy result\u00e9 positivo a #COVID19. Permanecer\u00e9 trabajando a distancia, coordinando las labores a mi cargo y siguiendo puntualmente las indicaciones de l@s extraordinarios m\u00e9dicos de @Tu_IMSS. Se mantiene vigilancia epidemiol\u00f3gica del caso y de mis contactos&#8221;, dijo en su cuenta de Twitter.<\/p>\n\n\n\n<figure class=\"wp-block-embed-twitter aligncenter wp-block-embed is-type-rich is-provider-twitter\"><div class=\"wp-block-embed__wrapper\">\nhttps:\/\/twitter.com\/zoerobledo\/status\/1269819106410352640\n<\/div><\/figure>\n\n\n\n<p>El IMSS dijo que luego de presentar s\u00edntomas de la enfermedad Covid-19 el s\u00e1bado 6 de junio, Robledo Aburto se realiz\u00f3 la prueba, la cual result\u00f3 positiva.<\/p>\n\n\n\n<p>A partir de la confirmaci\u00f3n, se aplic\u00f3 el protocolo epidemiol\u00f3gico correspondiente y se determin\u00f3 el aislamiento domiciliario del titular y se inform\u00f3 a las personas con las que tuvo contacto.<\/p>\n\n\n\n<p><strong>Familia del titular del IMSS tambi\u00e9n est\u00e1 contagiada de Covid<\/strong><\/p>\n\n\n\n<p>El presidente Andr\u00e9s Manuel L\u00f3pez Obrador dese\u00f3 pronta recuperaci\u00f3n a Zo\u00e9 Robledo, titular del Instituto Mexicano del Seguro Social (IMSS), quien ayer por la noche inform\u00f3 que result\u00f3 positivo a Covid-19, e inform\u00f3 que la familia del funcionario federal tambi\u00e9n esta contagiada.<\/p>\n\n\n\n<p><br>&#8220;Primero decir que deseamos que se mejore, que salga adelante Zo\u00e9. S\u00ed, \u00e9l est\u00e1 infectado, se contagi\u00f3, y est\u00e1 recluido en su casa. Ayer nos inform\u00f3, est\u00e1 bien, de todas formas, hay que estar atentos; su familia tambi\u00e9n de acuerdo al informe que nos dio ayer, tiene la infecci\u00f3n de la pandemia, del virus, pero sin gravedad&#8221;.<\/p>\n\n\n\n<p><br>En conferencia de prensa, el titular del Ejecutivo federal inform\u00f3 que \u00e9l est\u00e1 siguiendo las recomendaciones de sus m\u00e9dicos y exhort\u00f3 a la poblaci\u00f3n a que si tiene los s\u00edntomas del Covid-19 se haga la prueba.<\/p>\n\n\n\n<p><br>&#8220;Es un virus muy peligroso, es una pandemia que produce mucho dolor, mucho sufrimiento. Yo aprovecho para enviar como siempre lo hago, mi abrazo, mi p\u00e9same a familiares de quienes han perdido la vida en esta pandemia. Tenemos que seguirnos cuidando, seguir con las recomendaciones, sobre todo lo de la sana distancia que es lo m\u00e1s efectivo, la higiene y la sana distancia, es lo que est\u00e1 probado que ayuda a que no haya contagio.<\/p>\n\n\n\n<p><br><\/p>\n","protected":false},"excerpt":{"rendered":"<p>Anoche, dio a conocer en su cuenta de Twitter que result\u00f3 positivo al virus SARS-COV-2<\/p>\n","protected":false},"author":81,"featured_media":0,"comment_status":"closed","ping_status":"open","sticky":false,"template":"","format":"standard","meta":{"footnotes":""},"categories":[15,36],"tags":[],"class_list":["post-116777","post","type-post","status-publish","format-standard","hentry","category-destacadas","category-nacion"],"_links":{"self":[{"href":"https:\/\/plazajuarez.mx\/historico\/wp-json\/wp\/v2\/posts\/116777","targetHints":{"allow":["GET"]}}],"collection":[{"href":"https:\/\/plazajuarez.mx\/historico\/wp-json\/wp\/v2\/posts"}],"about":[{"href":"https:\/\/plazajuarez.mx\/historico\/wp-json\/wp\/v2\/types\/post"}],"author":[{"embeddable":true,"href":"https:\/\/plazajuarez.mx\/historico\/wp-json\/wp\/v2\/users\/81"}],"replies":[{"embeddable":true,"href":"https:\/\/plazajuarez.mx\/historico\/wp-json\/wp\/v2\/comments?post=116777"}],"version-history":[{"count":0,"href":"https:\/\/plazajuarez.mx\/historico\/wp-json\/wp\/v2\/posts\/116777\/revisions"}],"wp:attachment":[{"href":"https:\/\/plazajuarez.mx\/historico\/wp-json\/wp\/v2\/media?parent=116777"}],"wp:term":[{"taxonomy":"category","embeddable":true,"href":"https:\/\/plazajuarez.mx\/historico\/wp-json\/wp\/v2\/categories?post=116777"},{"taxonomy":"post_tag","embeddable":true,"href":"https:\/\/plazajuarez.mx\/historico\/wp-json\/wp\/v2\/tags?post=116777"}],"curies":[{"name":"wp","href":"https:\/\/api.w.org\/{rel}","templated":true}]}}