{"id":116639,"date":"2020-06-08T06:00:00","date_gmt":"2020-06-08T11:00:00","guid":{"rendered":"https:\/\/plazajuarez.mx\/?p=116639"},"modified":"2020-06-08T06:58:38","modified_gmt":"2020-06-08T11:58:38","slug":"conciencia-ciudadana-19","status":"publish","type":"post","link":"https:\/\/plazajuarez.mx\/historico\/conciencia-ciudadana-19\/","title":{"rendered":"CONCIENCIA CIUDADANA"},"content":{"rendered":"\n<p><strong>EL COMPROMISO ES DE TODOS<\/strong><\/p>\n\n\n\n<!--more-->\n\n\n\n<p>&nbsp;&nbsp;&nbsp;Andr\u00e9s Manuel L\u00f3pez Obrador encabeza el movimiento pol\u00edtico m\u00e1s importante en lo que va de este siglo y muchos a\u00f1os atr\u00e1s. \u00c9l representa la voluntad de la mayor\u00eda ciudadana por cambiar el rumbo del pa\u00eds. Por supuesto, no de todos. Quienes fracasaron electoralmente temen ahora la p\u00e9rdida de sus privilegios y su forma de vida, tan distinta a la de los marginados de la fortuna. Por ello, AMLO ha tenido que enfrentar problemas que da\u00f1an profundamente a la sociedad haci\u00e9ndolo de forma distinta a la utilizada por los anteriores gobernantes. Antes que continuar con la prepotencia, la corrupci\u00f3n y el alejamiento f\u00edsico con el pueblo, ha preferido asumir las posibles consecuencias de un nuevo ejercicio del poder. Ciertamente, ese puede ser su mayor acierto y a la vez su mayor riesgo.&nbsp;<\/p>\n\n\n\n<p>&nbsp;&nbsp;&nbsp;Para no meterse en problemas, pudo haber mantenido los mismos usos y costumbres de anta\u00f1o y con ello calmar moment\u00e1neamente al monstruo creado por el neoliberalismo; d\u00e1ndole la espalda al mandato ciudadano. Pero no fue as\u00ed y, en consecuencia, tambi\u00e9n los ciudadanos mandantes estamos obligados a escoger entre acompa\u00f1arlo por ese camino o hacer frente a su desaf\u00edo. Por supuesto, hay igual quienes evitan responder a la disyuntiva, intentando hacerse a un lado para ver, desde la barrera, para donde tira la suerte y tomar partido por el bando triunfador. Eso hacen los listos de siempre, interesados en mantener su espacio de confort; insensibles a la suerte colectiva; pero activos participantes de la discusi\u00f3n medi\u00e1tica, nuevo campo de batalla donde se intercambian toda suerte de mensajes, a veces ingeniosos y divertidos, aunque siempre irresponsables de sus consecuencias.&nbsp;&nbsp;&nbsp;&nbsp;<\/p>\n\n\n\n<p>&nbsp;&nbsp;&nbsp;De cualquier manera, hay consecuencias y responsabilidades para todos. Andr\u00e9s Manuel no s\u00f3lo acept\u00f3 el riesgo de romper esquemas, sino que lo busca; y esto provoca entre quienes estaban acostumbrados a temer y respetar a los gobernantes en funci\u00f3n a la cercan\u00eda o lejan\u00eda con ellos, a considerar que la diaria exposici\u00f3n a la cr\u00edtica de los medios de difusi\u00f3n es una muestra de debilidad del presidente y no una cotidiana renovaci\u00f3n del pacto pol\u00edtico con la ciudadan\u00eda.&nbsp;<\/p>\n\n\n\n<p>&nbsp;&nbsp;&nbsp;Ha sido proverbial el alejamiento entre presidentes y ciudadanos a lo largo de la historia de M\u00e9xico. De los revolucionarios, s\u00f3lo L\u00e1zaro C\u00e1rdenas dialogaba y conviv\u00eda con personas humildes y se apersonaba en los lugares de mayores conflictos. Luego, la presidencia fue perdiendo su cercan\u00eda a la gente, las distancias que los separaban fueron cada vez m\u00e1s grandes y las barreras m\u00e1s numerosas. Al final, en la decadencia neoliberal, la famosa fiesta del Grito, se efectuaba con un Z\u00f3calo dividido casi a la mitad por barreras que separaban como un abismo al gobernante de sus gobernados.&nbsp;&nbsp;&nbsp;<\/p>\n\n\n\n<p>&nbsp;&nbsp;&nbsp;Por eso el estilo de L\u00f3pez Obrador no solo enerva, sino enfurece a quienes quisieran verlo igual que aquellos, alejado del pueblo. Y aunque no siempre es recibido con aplausos sino con demandas desesperadas y hasta expresiones groseras, \u00e9l no deja de desplazarse a ras de tierra, sensible y atento a la temperatura popular sin temor a los riesgos que plantea el encontrarse frente a multitudes enfurecidas o azuzadas desde las sombras.&nbsp;<\/p>\n\n\n\n<p>&nbsp;&nbsp;&nbsp;Pero ese compromiso no es solamente suyo. Quienes votamos por \u00e9l y quienes sin hacerlo han aceptado razonablemente su autoridad; estamos comprometidos no s\u00f3lo con \u00e9l y su proyecto de naci\u00f3n; sino m\u00e1s all\u00e1 de ellos, con el bien com\u00fan al que todos aspiramos. Por esa raz\u00f3n, \u00e9ste es m\u00e1s un compromiso \u00e9tico que pol\u00edtico, una apuesta por la dignidad, la paz y el progreso social.&nbsp;&nbsp;<\/p>\n\n\n\n<p>&nbsp;&nbsp;&nbsp;Pero mientras el pa\u00eds se estremece con las calamidades naturales y econ\u00f3micas, una buena parte de quienes hasta ahora han podido superarlas sin mayores sobresaltos, no tienen mayor reparo en apostar al fracaso de la administraci\u00f3n L\u00f3pezobradorista sin reparar en las consecuencias de sus actos o tal vez, perfectamente conscientes de ellas.&nbsp;<\/p>\n\n\n\n<p>&nbsp;&nbsp;&nbsp;Grupos de ese origen utilizan sus inagotables recursos econ\u00f3micos, sus capacidades profesionales y hasta su indudable ingenio y valioso tiempo para mellar la autoridad de quien intenta con todas sus energ\u00edas enfrentar la pandemia y la crisis econ\u00f3mica celebrando los indicadores negativos como si fueran torpedos dirigidos a hundir a su odiado rival pol\u00edtico.&nbsp;&nbsp;<\/p>\n\n\n\n<p>&nbsp;&nbsp;&nbsp;Inconscientes e ingenuos, sus adversarios creen que sus campa\u00f1as medi\u00e1ticas desacreditando y difamando al presidente y sus decisiones, terminar\u00e1n por desgastarlo ante la opini\u00f3n p\u00fablica; cuando en realidad no logran sino provocar la indignaci\u00f3n social, que toma nota puntual de la falsedad e insidia de las acusaciones que se propagan en su contra.&nbsp;<\/p>\n\n\n\n<p>&nbsp;&nbsp;&nbsp;Con su fe en el impacto medi\u00e1tico y utilizando las mismas t\u00e9cnicas de publicidad con que promueven el consumo de sus mercanc\u00edas; ellos piensan que la experiencia hist\u00f3rica ha quedado borrada de la memoria colectiva y que pueden continuar dirigi\u00e9ndola como d\u00f3cil reba\u00f1o de compradores de ilusiones.&nbsp;&nbsp;<\/p>\n\n\n\n<p>&nbsp;&nbsp;&nbsp;Se equivocan. Aunque adormilada durante a\u00f1os, la sociedad mexicana toma en cuenta sus experiencias y dif\u00edcilmente aceptar\u00e1 los sedantes con que se le inmoviliz\u00f3 durante tanto tiempo. Hoy, son cada vez m\u00e1s los ciudadanos que comprenden los juegos de poder y van tomando en sus manos las armas c\u00edvicas necesarias para defender el proyecto transformador ya sea en las redes sociales, el debate p\u00fablico y hasta en las charlas privadas. Los cambios obtenidos van emparejando las posibilidades de expresi\u00f3n entre el prepotente y el ciudadano com\u00fan y corriente y ya no es posible volver a los tiempos en que el monopolio del poder resid\u00eda en unas cuantas manos. Las condiciones han cambiado y la transformaci\u00f3n nacional va ganando terreno; aunque, indudablemente, todav\u00eda falta mucho camino que recorrer<\/p>\n\n\n\n<p><strong>Y RECUERDEN QUE VIVOS SE LOS LLEVARON Y VIVOS LOS QUEREMOS CON NOSOTROS.<\/strong><\/p>\n","protected":false},"excerpt":{"rendered":"<p>EL COMPROMISO ES DE TODOS<\/p>\n","protected":false},"author":85,"featured_media":0,"comment_status":"closed","ping_status":"open","sticky":false,"template":"","format":"standard","meta":{"footnotes":""},"categories":[55,42],"tags":[],"class_list":["post-116639","post","type-post","status-publish","format-standard","hentry","category-miguel-angel-serna","category-nuestrapalabra"],"_links":{"self":[{"href":"https:\/\/plazajuarez.mx\/historico\/wp-json\/wp\/v2\/posts\/116639","targetHints":{"allow":["GET"]}}],"collection":[{"href":"https:\/\/plazajuarez.mx\/historico\/wp-json\/wp\/v2\/posts"}],"about":[{"href":"https:\/\/plazajuarez.mx\/historico\/wp-json\/wp\/v2\/types\/post"}],"author":[{"embeddable":true,"href":"https:\/\/plazajuarez.mx\/historico\/wp-json\/wp\/v2\/users\/85"}],"replies":[{"embeddable":true,"href":"https:\/\/plazajuarez.mx\/historico\/wp-json\/wp\/v2\/comments?post=116639"}],"version-history":[{"count":0,"href":"https:\/\/plazajuarez.mx\/historico\/wp-json\/wp\/v2\/posts\/116639\/revisions"}],"wp:attachment":[{"href":"https:\/\/plazajuarez.mx\/historico\/wp-json\/wp\/v2\/media?parent=116639"}],"wp:term":[{"taxonomy":"category","embeddable":true,"href":"https:\/\/plazajuarez.mx\/historico\/wp-json\/wp\/v2\/categories?post=116639"},{"taxonomy":"post_tag","embeddable":true,"href":"https:\/\/plazajuarez.mx\/historico\/wp-json\/wp\/v2\/tags?post=116639"}],"curies":[{"name":"wp","href":"https:\/\/api.w.org\/{rel}","templated":true}]}}