{"id":116561,"date":"2020-06-08T06:00:00","date_gmt":"2020-06-08T11:00:00","guid":{"rendered":"https:\/\/plazajuarez.mx\/?p=116561"},"modified":"2020-06-07T21:41:13","modified_gmt":"2020-06-08T02:41:13","slug":"mano-dura-contra-comercios-no-esenciales","status":"publish","type":"post","link":"https:\/\/plazajuarez.mx\/historico\/mano-dura-contra-comercios-no-esenciales\/","title":{"rendered":"Mano dura contra comercios no esenciales"},"content":{"rendered":"\n<ul class=\"wp-block-list\"><li><strong>Reitera presidente municipal que a\u00fan no podr\u00e1n abrir\u00a0<\/strong><\/li><\/ul>\n\n\n\n<!--more-->\n\n\n\n<p>El presidente municipal de Acatl\u00e1n, Benito Olvera Mu\u00f1oz, confirm\u00f3 que los comercios considerados no esenciales en la actual emergencia sanitaria por coronavirus, seguir\u00e1n cerrados hasta nuevo aviso, a pesar de la inconformidad de algunos comerciantes.<\/p>\n\n\n\n<p>A inicios de la semana pasada, comerciantes establecidos, sobre todo instalados en la cabecera municipal, se manifestaron frente a la presidencia municipal en demanda de que se les permita la reapertura de sus negocios, que llevan m\u00e1s de dos meses cerrados debido a las medidas sanitarias implementadas por las autoridades sanitarias a causa de la pandemia.<\/p>\n\n\n\n<p>El alcalde se\u00f1al\u00f3 que Acatl\u00e1n, con alrededor de 18 mil habitantes, es el municipio de la regi\u00f3n que tiene mayor n\u00famero de contagios en la regi\u00f3n, e incluso un fallecimiento a causa del padecimiento, por lo que consider\u00f3 necesarias las medidas sanitarias implementadas, entre ellas el cierre temporal de los giros comerciales considerados como no esenciales.&nbsp;<\/p>\n\n\n\n<p>Anticip\u00f3 que en caso de ser necesario, solicitar\u00e1 el apoyo de seguridad p\u00fablica, incluso la Guardia Nacional, para garantizar el cierre de dichos giros comerciales.&nbsp;<\/p>\n\n\n\n<p>Agreg\u00f3 que tampoco se llev\u00f3 a cabo el tradicional tianguis dominical que se celebra en la cabecera municipal, adem\u00e1s que se vigilar\u00e1 que no exista demasiada presencia de personas en las restantes vendimias populares que se celebran semanalmente en distintos puntos del municipio.&nbsp;<\/p>\n\n\n\n<p>Olvera Mu\u00f1oz hab\u00eda acordado una reuni\u00f3n con los comerciantes en el auditorio municipal, la cual fue cambiada por una reuni\u00f3n entre representantes de los mismos comerciantes, del gobierno municipal, as\u00ed como de la administraci\u00f3n estatal con representaci\u00f3n en la regi\u00f3n, misma que fue cancelada debido a la manifestaci\u00f3n de tianguistas, del pasado jueves 4 de junio, por lo que no hab\u00eda condiciones para llevarla a cabo.&nbsp;<\/p>\n","protected":false},"excerpt":{"rendered":"<p>Reitera presidente municipal que a\u00fan no podr\u00e1n abrir\u00a0<\/p>\n","protected":false},"author":70,"featured_media":0,"comment_status":"closed","ping_status":"open","sticky":false,"template":"","format":"standard","meta":{"footnotes":""},"categories":[40],"tags":[],"class_list":["post-116561","post","type-post","status-publish","format-standard","hentry","category-region"],"_links":{"self":[{"href":"https:\/\/plazajuarez.mx\/historico\/wp-json\/wp\/v2\/posts\/116561","targetHints":{"allow":["GET"]}}],"collection":[{"href":"https:\/\/plazajuarez.mx\/historico\/wp-json\/wp\/v2\/posts"}],"about":[{"href":"https:\/\/plazajuarez.mx\/historico\/wp-json\/wp\/v2\/types\/post"}],"author":[{"embeddable":true,"href":"https:\/\/plazajuarez.mx\/historico\/wp-json\/wp\/v2\/users\/70"}],"replies":[{"embeddable":true,"href":"https:\/\/plazajuarez.mx\/historico\/wp-json\/wp\/v2\/comments?post=116561"}],"version-history":[{"count":0,"href":"https:\/\/plazajuarez.mx\/historico\/wp-json\/wp\/v2\/posts\/116561\/revisions"}],"wp:attachment":[{"href":"https:\/\/plazajuarez.mx\/historico\/wp-json\/wp\/v2\/media?parent=116561"}],"wp:term":[{"taxonomy":"category","embeddable":true,"href":"https:\/\/plazajuarez.mx\/historico\/wp-json\/wp\/v2\/categories?post=116561"},{"taxonomy":"post_tag","embeddable":true,"href":"https:\/\/plazajuarez.mx\/historico\/wp-json\/wp\/v2\/tags?post=116561"}],"curies":[{"name":"wp","href":"https:\/\/api.w.org\/{rel}","templated":true}]}}