{"id":116472,"date":"2020-06-07T06:00:00","date_gmt":"2020-06-07T11:00:00","guid":{"rendered":"https:\/\/plazajuarez.mx\/?p=116472"},"modified":"2020-06-07T00:29:19","modified_gmt":"2020-06-07T05:29:19","slug":"reanudaran-actividades-en-materia-de-autotransporte-federal","status":"publish","type":"post","link":"https:\/\/plazajuarez.mx\/historico\/reanudaran-actividades-en-materia-de-autotransporte-federal\/","title":{"rendered":"Reanudar\u00e1n actividades en materia de autotransporte federal"},"content":{"rendered":"\n<ul class=\"wp-block-list\"><li><strong>Ser\u00e1 a partir de ma\u00f1ana, 8 de junio<\/strong><\/li><\/ul>\n\n\n\n<!--more-->\n\n\n\n<p>Ma\u00f1ana, 8 de junio, la Secretar\u00eda de Comunicaciones y Transportes reanudar\u00e1 y habilitar\u00e1 los tr\u00e1mites para expedici\u00f3n de licencia federal, los cuales se realizar\u00e1n de manera presencial en las oficinas de la Jefatura de la Direcci\u00f3n General de Autotransporte Federal.&nbsp;&nbsp;<\/p>\n\n\n\n<p>Con ello la SCT se\u00f1al\u00f3 que en materia de autotransporte federal, la reanudaci\u00f3n de los tr\u00e1mites relativos a la expedici\u00f3n y reposici\u00f3n de licencia federal de conductor, as\u00ed como los tr\u00e1mites de expedici\u00f3n de permisos, altas y bajas vehiculares de Autotransporte Federal, Transporte Privado y sus Servicios Auxiliares, se reanudar\u00e1n a partir del 8 de junio de 2020.<\/p>\n\n\n\n<p>La reanudaci\u00f3n ser\u00e1 a partir de este lunes mediante un sistema de citas implementado para su operaci\u00f3n en la Direcci\u00f3n General de Autotransporte Federal, ubicado en el Boulevard Luis Donaldo Colosio n\u00famero 3702, de Pachuca.&nbsp;&nbsp;<\/p>\n\n\n\n<p>Cabe se\u00f1alar que se tiene por prorrogada la vigencia y efectos jur\u00eddicos de las licencias federales de conductor, as\u00ed como de las constancias de capacitaci\u00f3n de conductores del autotransporte federal, hasta el 20 de septiembre de 2020.<\/p>\n","protected":false},"excerpt":{"rendered":"<p>Ser\u00e1 a partir de ma\u00f1ana, 8 de junio<\/p>\n","protected":false},"author":93,"featured_media":0,"comment_status":"closed","ping_status":"open","sticky":false,"template":"","format":"standard","meta":{"footnotes":""},"categories":[59],"tags":[],"class_list":["post-116472","post","type-post","status-publish","format-standard","hentry","category-general"],"_links":{"self":[{"href":"https:\/\/plazajuarez.mx\/historico\/wp-json\/wp\/v2\/posts\/116472","targetHints":{"allow":["GET"]}}],"collection":[{"href":"https:\/\/plazajuarez.mx\/historico\/wp-json\/wp\/v2\/posts"}],"about":[{"href":"https:\/\/plazajuarez.mx\/historico\/wp-json\/wp\/v2\/types\/post"}],"author":[{"embeddable":true,"href":"https:\/\/plazajuarez.mx\/historico\/wp-json\/wp\/v2\/users\/93"}],"replies":[{"embeddable":true,"href":"https:\/\/plazajuarez.mx\/historico\/wp-json\/wp\/v2\/comments?post=116472"}],"version-history":[{"count":0,"href":"https:\/\/plazajuarez.mx\/historico\/wp-json\/wp\/v2\/posts\/116472\/revisions"}],"wp:attachment":[{"href":"https:\/\/plazajuarez.mx\/historico\/wp-json\/wp\/v2\/media?parent=116472"}],"wp:term":[{"taxonomy":"category","embeddable":true,"href":"https:\/\/plazajuarez.mx\/historico\/wp-json\/wp\/v2\/categories?post=116472"},{"taxonomy":"post_tag","embeddable":true,"href":"https:\/\/plazajuarez.mx\/historico\/wp-json\/wp\/v2\/tags?post=116472"}],"curies":[{"name":"wp","href":"https:\/\/api.w.org\/{rel}","templated":true}]}}