{"id":116463,"date":"2020-06-07T06:00:00","date_gmt":"2020-06-07T11:00:00","guid":{"rendered":"https:\/\/plazajuarez.mx\/?p=116463"},"modified":"2020-06-07T08:42:47","modified_gmt":"2020-06-07T13:42:47","slug":"recluso-de-cereso-pachuca-da-positivo-a-coronavirus","status":"publish","type":"post","link":"https:\/\/plazajuarez.mx\/historico\/recluso-de-cereso-pachuca-da-positivo-a-coronavirus\/","title":{"rendered":"Recluso de Cereso Pachuca, da positivo a coronavirus"},"content":{"rendered":"\n<ul class=\"wp-block-list\"><li><strong>Se realiz\u00f3 la aplicaci\u00f3n de la prueba de detecci\u00f3n a personal m\u00e9dico, administrativo y personas en reclusi\u00f3n que mantuvieron contacto con el afectado<\/strong><\/li><\/ul>\n\n\n\n<!--more-->\n\n\n\n<p>La Secretar\u00eda de Seguridad P\u00fablica de Hidalgo, a trav\u00e9s de la Subsecretar\u00eda de Reinserci\u00f3n Social, inform\u00f3 que el servicio m\u00e9dico del Cereso Pachuca detect\u00f3 a dos reclusos, de 33 y 45 a\u00f1os, con s\u00edntomas de enfermedades respiratorias relacionadas al Covid-19; uno de ellos dio positivo al diagn\u00f3stico de contagio por coronavirus; mientras que el otro se mantiene en calidad de sospechoso, pero ambos fueron trasladados a una unidad m\u00e9dica para su atenci\u00f3n.<\/p>\n\n\n\n<p>De igual forma, se realiz\u00f3 la aplicaci\u00f3n de la prueba de detecci\u00f3n a personal m\u00e9dico, administrativo y personas en reclusi\u00f3n que mantuvieron contacto con los presos, esto mediante la colaboraci\u00f3n de la Jurisdicci\u00f3n Sanitaria de Pachuca, a fin de contener la propagaci\u00f3n del virus.<\/p>\n\n\n\n<p><strong>EN EL CERESO TULA<\/strong><\/p>\n\n\n\n<p>Referente al brote presentado en el Centro de Reinserci\u00f3n Social de Tula, al d\u00eda de hoy se reporta que de las 4 personas en reclusi\u00f3n que fueron llevadas a hospitales de Respuesta Inmediata Covid-19, uno de ellos recibi\u00f3 el alta y se encuentra en aislamiento con vigilancia m\u00e9dica, mientras que tres permanecen bajo manejo hospitalario.<\/p>\n\n\n\n<p>Las personas en reclusi\u00f3n que estuvieron en contacto con los casos positivos est\u00e1n siendo monitoreadas de manera diaria, con la colaboraci\u00f3n de la Jurisdicci\u00f3n Sanitaria de Tula.<\/p>\n\n\n\n<p>Respecto al personal penitenciario que amerit\u00f3 internamiento en unidades m\u00e9dicas, uno de ellos permanece hospitalizado, mientras que la segunda persona fue dada de alta y se encuentra en aislamiento domiciliario y bajo observaci\u00f3n. La tercera persona se mantiene en aislamiento domiciliario sin haber ameritado hospitalizaci\u00f3n hasta el momento.<\/p>\n\n\n\n<p>Finalmente, se reiter\u00f3 que todos los Centros permanecen con la implementaci\u00f3n de filtros sanitarios, protocolos de limpieza y sanitizaci\u00f3n peri\u00f3dica a fin de prevenir la expansi\u00f3n de la enfermedad, y las visitas se encuentran temporalmente suspendidas.<\/p>\n","protected":false},"excerpt":{"rendered":"<p>Se realiz\u00f3 la aplicaci\u00f3n de la prueba de detecci\u00f3n a personal m\u00e9dico, administrativo y personas en reclusi\u00f3n que mantuvieron contacto con el afectado<\/p>\n","protected":false},"author":93,"featured_media":0,"comment_status":"closed","ping_status":"open","sticky":false,"template":"","format":"standard","meta":{"footnotes":""},"categories":[15,59],"tags":[],"class_list":["post-116463","post","type-post","status-publish","format-standard","hentry","category-destacadas","category-general"],"_links":{"self":[{"href":"https:\/\/plazajuarez.mx\/historico\/wp-json\/wp\/v2\/posts\/116463","targetHints":{"allow":["GET"]}}],"collection":[{"href":"https:\/\/plazajuarez.mx\/historico\/wp-json\/wp\/v2\/posts"}],"about":[{"href":"https:\/\/plazajuarez.mx\/historico\/wp-json\/wp\/v2\/types\/post"}],"author":[{"embeddable":true,"href":"https:\/\/plazajuarez.mx\/historico\/wp-json\/wp\/v2\/users\/93"}],"replies":[{"embeddable":true,"href":"https:\/\/plazajuarez.mx\/historico\/wp-json\/wp\/v2\/comments?post=116463"}],"version-history":[{"count":0,"href":"https:\/\/plazajuarez.mx\/historico\/wp-json\/wp\/v2\/posts\/116463\/revisions"}],"wp:attachment":[{"href":"https:\/\/plazajuarez.mx\/historico\/wp-json\/wp\/v2\/media?parent=116463"}],"wp:term":[{"taxonomy":"category","embeddable":true,"href":"https:\/\/plazajuarez.mx\/historico\/wp-json\/wp\/v2\/categories?post=116463"},{"taxonomy":"post_tag","embeddable":true,"href":"https:\/\/plazajuarez.mx\/historico\/wp-json\/wp\/v2\/tags?post=116463"}],"curies":[{"name":"wp","href":"https:\/\/api.w.org\/{rel}","templated":true}]}}