{"id":116461,"date":"2020-06-07T06:00:00","date_gmt":"2020-06-07T11:00:00","guid":{"rendered":"https:\/\/plazajuarez.mx\/?p=116461"},"modified":"2020-06-07T00:23:14","modified_gmt":"2020-06-07T05:23:14","slug":"la-gente-cuenta-16","status":"publish","type":"post","link":"https:\/\/plazajuarez.mx\/historico\/la-gente-cuenta-16\/","title":{"rendered":"LA GENTE CUENTA"},"content":{"rendered":"\n<h2 class=\"wp-block-heading\"><strong>Espacio en blanco<\/strong><\/h2>\n\n\n\n<!--more-->\n\n\n\n<p>La habitaci\u00f3n de Germ\u00e1n se encuentra vac\u00eda. Laura, su madre, se recarga con un gesto de absoluta tristeza sobre el marco de la puerta, mientras ve la pulcritud de aquel aposento: la cama tendida, sus objetos personales en perfecto orden, sus zapatos emparejados y acomodados sobre la pared. Una imagen de la Virgen de Guadalupe en el fondo.\u00a0<\/p>\n\n\n\n<p>-Amor\u2026 ya sal de ah\u00ed. No es bueno para ti.&nbsp;<\/p>\n\n\n\n<p>Humberto, su esposo y su actual apoyo incondicional, la tomaba suavemente de los hombros, con la intenci\u00f3n de retirarla de aquel lugar. Ella se neg\u00f3 a su petici\u00f3n.&nbsp;<\/p>\n\n\n\n<p>-No puedo aceptar que mi hijo ya no est\u00e9 con nosotros \u2013comenz\u00f3 a sollozar ella.&nbsp;<\/p>\n\n\n\n<p>Finalmente cedi\u00f3, y con el cobijo de su esposo se dirigi\u00f3 hasta la sala de la casa, en donde el resto de su familia la esperaba, todos con la mirada contristada, mirando hacia el suelo.&nbsp;<\/p>\n\n\n\n<p>-\u00bfC\u00f3mo te sientes, Laura? \u2013Maura, su hermana, acudi\u00f3 a recibir a aquella fr\u00e1gil mujer. Ella prefiri\u00f3 no responder, y hundi\u00f3 su cuerpo y sus pensamientos en el sill\u00f3n.&nbsp;<\/p>\n\n\n\n<p>De forma casi autom\u00e1tica, Humberto se convirti\u00f3 en el portavoz de la familia<\/p>\n\n\n\n<p>-Querida familia: quiero agradecer en nombre de mi esposa y de mis hijos el hecho de que est\u00e9n aqu\u00ed, con nosotros. Es bueno saber que podemos contar con ustedes en momentos como estos.&nbsp;<\/p>\n\n\n\n<p>El resto de la familia comenz\u00f3 a murmurar, aseverando tal moci\u00f3n.&nbsp;<\/p>\n\n\n\n<p>-Y entonces, \u00bfqu\u00e9 nos queda por hacer? \u2013comenz\u00f3 a protestar la t\u00eda Teresa-. Germ\u00e1n est\u00e1 muerto, y esos hijos de puta seguir\u00e1n libres, all\u00ed deambulando por las calles.&nbsp;<\/p>\n\n\n\n<p>-Mam\u00e1, por favor tranquil\u00edzate \u2013intent\u00f3 calmar los \u00e1nimos su hija, Marta-. Sabes perfectamente que nunca vas a poder contra la polic\u00eda. Este maldito gobierno es un puto c\u00e1ncer.&nbsp;<\/p>\n\n\n\n<p>En esos momentos, Luis Alberto y Felipe, dos primos de Germ\u00e1n, llegaron a la casa inmediatamente, llamando la atenci\u00f3n de los presentes.&nbsp;<\/p>\n\n\n\n<p>-Oigan, oigan. Les tenemos noticias<\/p>\n\n\n\n<p>Laura y Humberto se sobresaltaron ante tal declaraci\u00f3n. Creyeron que algo malo m\u00e1s iba a pasar. De pronto, Luis Alberto sac\u00f3 su celular, mientras lo agitaba heroicamente.&nbsp;<\/p>\n\n\n\n<p>-Familia \u2013habl\u00f3 pausadamente-: finalmente tengo la evidencia.&nbsp;<\/p>\n","protected":false},"excerpt":{"rendered":"<p>Espacio en blanco<\/p>\n","protected":false},"author":93,"featured_media":0,"comment_status":"closed","ping_status":"open","sticky":false,"template":"","format":"standard","meta":{"footnotes":""},"categories":[59,85],"tags":[],"class_list":["post-116461","post","type-post","status-publish","format-standard","hentry","category-general","category-relatos"],"_links":{"self":[{"href":"https:\/\/plazajuarez.mx\/historico\/wp-json\/wp\/v2\/posts\/116461","targetHints":{"allow":["GET"]}}],"collection":[{"href":"https:\/\/plazajuarez.mx\/historico\/wp-json\/wp\/v2\/posts"}],"about":[{"href":"https:\/\/plazajuarez.mx\/historico\/wp-json\/wp\/v2\/types\/post"}],"author":[{"embeddable":true,"href":"https:\/\/plazajuarez.mx\/historico\/wp-json\/wp\/v2\/users\/93"}],"replies":[{"embeddable":true,"href":"https:\/\/plazajuarez.mx\/historico\/wp-json\/wp\/v2\/comments?post=116461"}],"version-history":[{"count":0,"href":"https:\/\/plazajuarez.mx\/historico\/wp-json\/wp\/v2\/posts\/116461\/revisions"}],"wp:attachment":[{"href":"https:\/\/plazajuarez.mx\/historico\/wp-json\/wp\/v2\/media?parent=116461"}],"wp:term":[{"taxonomy":"category","embeddable":true,"href":"https:\/\/plazajuarez.mx\/historico\/wp-json\/wp\/v2\/categories?post=116461"},{"taxonomy":"post_tag","embeddable":true,"href":"https:\/\/plazajuarez.mx\/historico\/wp-json\/wp\/v2\/tags?post=116461"}],"curies":[{"name":"wp","href":"https:\/\/api.w.org\/{rel}","templated":true}]}}