{"id":1160,"date":"2015-02-21T06:00:00","date_gmt":"2015-02-21T06:00:00","guid":{"rendered":"http:\/\/plazajuarez.mx\/index\/index.php\/2015\/02\/21\/le-dieron-un-balazo-en-el-rostro-y-murio\/"},"modified":"2015-02-21T06:00:00","modified_gmt":"2015-02-21T06:00:00","slug":"le-dieron-un-balazo-en-el-rostro-y-murio","status":"publish","type":"post","link":"https:\/\/plazajuarez.mx\/historico\/le-dieron-un-balazo-en-el-rostro-y-murio\/","title":{"rendered":"Le dieron un balazo en el rostro y muri\u00f3"},"content":{"rendered":"<p><span style=\"font-family: verdana,geneva; font-size: 10pt;\">La violencia en los diferentes carnavales que se celebran en territorio hidalguense se mantiene latente en diversos municipios; esta ocasi\u00f3n fue en una comunidad de San Bartolo Tutotepec, donde un joven de 27 a\u00f1os fue asesinado por sujetos desconocidos, que le dispararon y le dieron un balazo en el rostro.<\/span><\/p>\n<p>  <!--more-->  <\/p>\n<p>\u00a0<\/p>\n<p><span style=\"font-family: verdana,geneva; font-size: 10pt;\">Por ello la Procuradur\u00eda General de Justicia del estado de Hidalgo, inform\u00f3 que el agente del Ministerio P\u00fablico dio inicio a la averiguaci\u00f3n previa n\u00famero 14\/48\/2015, por lo que resulte de la muerte de un masculino.<\/span><\/p>\n<p><span style=\"font-family: verdana,geneva; font-size: 10pt;\">Fue al filo de la 01:00 horas de la madrugada de ayer, cuando se suscit\u00f3 el crimen del joven que regresaba del carnaval caminando con su hermano de 16 a\u00f1os de edad, mismo que no pudo hacer nada por evitar la agresi\u00f3n que le seg\u00f3 la vida a Emiliano Hern\u00e1ndez Mart\u00ednez, quien hasta antes de morir contaba con 27 a\u00f1os de edad<\/span><\/p>\n<p><span style=\"font-family: verdana,geneva; font-size: 10pt;\">El hecho gener\u00f3 una intensa movilizaci\u00f3n en la comunidad de La Vereda, donde elementos de la Polic\u00eda Municipal de San Bartolo Tutotepec y agentes de la Coordinaci\u00f3n de Seguridad Estatal comisionados a la delegaci\u00f3n Regional, tomaron conocimiento del crimen.<\/span><\/p>\n<p><span style=\"font-family: verdana,geneva; font-size: 10pt;\">Por el deceso del afectado se dio intervenci\u00f3n al agente del Ministerio P\u00fablico, quien dio fe de lo acontecido y durante sus diligencias relat\u00f3 que tuvo a la vista el cuerpo sin vida de una persona del sexo masculino, que presentaba una herida provocada por disparo de arma de fuego en el rostro, precisamente a la altura del p\u00f3mulo del lado derecho.<\/span><\/p>\n<p><span style=\"font-family: verdana,geneva; font-size: 10pt;\">En su relat\u00f3 el hermano del ahora occiso de quien se omite su identidad por ser menor de edad, refiri\u00f3 que cuando regresaban caminando a su domicilio, luego de que asistir al carnaval de la regi\u00f3n se les acercaron unos individuos, los cuales dispararon en contra de su hermano Emiliano Hern\u00e1ndez Mart\u00ednez quien falleci\u00f3 en el lugar, en tanto que los agresores se dieron a la fuga con rumbo desconocido.<\/span><\/p>\n<p><span style=\"font-family: verdana,geneva; font-size: 10pt;\">Al finalizar su labor el representante social orden\u00f3 el levantamiento del cad\u00e1ver y su traslado al Servicio M\u00e9dico Forense para la pr\u00e1ctica de la necropsia de ley, en tanto que elementos de la Coordinaci\u00f3n de Investigaci\u00f3n adscritos al grupo de San Bartolo Tutotepec, dieron inicio a las indagatorias para tratar de esclarecer el crimen.<\/span><\/p>\n<p><span style=\"font-family: verdana,geneva; font-size: 10pt;\">\u00a0<\/span><\/p>\n","protected":false},"excerpt":{"rendered":"<p>La violencia en los diferentes carnavales que se celebran en territorio hidalguense se mantiene latente en diversos municipios; esta ocasi\u00f3n fue en una comunidad de San Bartolo Tutotepec, donde un joven de 27 a\u00f1os fue asesinado por sujetos desconocidos, que le dispararon y le dieron un balazo en el rostro.<\/p>\n","protected":false},"author":93,"featured_media":0,"comment_status":"open","ping_status":"open","sticky":false,"template":"","format":"standard","meta":{"footnotes":""},"categories":[37],"tags":[],"class_list":["post-1160","post","type-post","status-publish","format-standard","hentry","category-barandilla"],"_links":{"self":[{"href":"https:\/\/plazajuarez.mx\/historico\/wp-json\/wp\/v2\/posts\/1160","targetHints":{"allow":["GET"]}}],"collection":[{"href":"https:\/\/plazajuarez.mx\/historico\/wp-json\/wp\/v2\/posts"}],"about":[{"href":"https:\/\/plazajuarez.mx\/historico\/wp-json\/wp\/v2\/types\/post"}],"author":[{"embeddable":true,"href":"https:\/\/plazajuarez.mx\/historico\/wp-json\/wp\/v2\/users\/93"}],"replies":[{"embeddable":true,"href":"https:\/\/plazajuarez.mx\/historico\/wp-json\/wp\/v2\/comments?post=1160"}],"version-history":[{"count":0,"href":"https:\/\/plazajuarez.mx\/historico\/wp-json\/wp\/v2\/posts\/1160\/revisions"}],"wp:attachment":[{"href":"https:\/\/plazajuarez.mx\/historico\/wp-json\/wp\/v2\/media?parent=1160"}],"wp:term":[{"taxonomy":"category","embeddable":true,"href":"https:\/\/plazajuarez.mx\/historico\/wp-json\/wp\/v2\/categories?post=1160"},{"taxonomy":"post_tag","embeddable":true,"href":"https:\/\/plazajuarez.mx\/historico\/wp-json\/wp\/v2\/tags?post=1160"}],"curies":[{"name":"wp","href":"https:\/\/api.w.org\/{rel}","templated":true}]}}