{"id":1152,"date":"2015-02-21T06:00:00","date_gmt":"2015-02-21T06:00:00","guid":{"rendered":"http:\/\/plazajuarez.mx\/index\/index.php\/2015\/02\/21\/capturan-a-2-sujetos-que-enganchaban-a-mujeres-por-facebook\/"},"modified":"2015-02-21T06:00:00","modified_gmt":"2015-02-21T06:00:00","slug":"capturan-a-2-sujetos-que-enganchaban-a-mujeres-por-facebook","status":"publish","type":"post","link":"https:\/\/plazajuarez.mx\/historico\/capturan-a-2-sujetos-que-enganchaban-a-mujeres-por-facebook\/","title":{"rendered":"Capturan a 2 sujetos que \u201cenganchaban\u201d a mujeres por Facebook"},"content":{"rendered":"<p><strong><span style=\"font-family: verdana,geneva; font-size: 10pt;\">Durante un operativo conjunto, elementos de las polic\u00edas municipal, estatal preventiva y especializada detuvieron a dos j\u00f3venes que integraban una presunta banda dedicada a &#8220;enganchar&#8221; a mujeres a trav\u00e9s de Facebook con fines de prostituci\u00f3n.<\/span><\/strong><\/p>\n<p>  <!--more-->  <\/p>\n<p>\u00a0<\/p>\n<p><span style=\"font-family: verdana,geneva; font-size: 10pt;\">La Procuradur\u00eda General de Justicia del Estado inform\u00f3 que uno de los detenidos, Byron Michael &#8220;N&#8221;, hab\u00eda creado una cuenta falsa en Facebook con el nombre de &#8220;Alejandra Mart\u00ednez&#8221;, para &#8220;enviar mensajes privados a sus v\u00edctimas&#8221;.<\/span><\/p>\n<p><span style=\"font-family: verdana,geneva; font-size: 10pt;\">Detall\u00f3 que despu\u00e9s de &#8220;ganar su confianza&#8221;, el detenido invitaba a las j\u00f3venes a que laboraran como trabajadoras sexuales, para luego ponerlas en contacto con Francisco Javier &#8220;N&#8221;, enlace de los clientes, quien tambi\u00e9n ya fue arrestado.<\/span><\/p>\n<p><span style=\"font-family: verdana,geneva; font-size: 10pt;\">Byron Michel ofrec\u00eda hasta ocho mil pesos a las jovencitas para que se prostituyeran y tambi\u00e9n realizaran &#8220;video grabaciones con ellas&#8221;.<\/span><\/p>\n<p><span style=\"font-family: verdana,geneva; font-size: 10pt;\">Byron Michel &#8220;N&#8221; y Francisco Javier &#8220;N&#8221; fueron detenidos cuando viajaban a bordo de un veh\u00edculo Volkswagen tipo Jetta de color blanco, donde tambi\u00e9n transportaban una computadora.<\/span><\/p>\n<p><span style=\"font-family: verdana,geneva; font-size: 10pt;\">La Procuradur\u00eda de Justicia no inform\u00f3 si en el equipo hall\u00f3 m\u00e1s evidencias.<\/span><\/p>\n<p><span style=\"font-family: verdana,geneva; font-size: 10pt;\">El Ministerio P\u00fablico abri\u00f3 la averiguaci\u00f3n previa 005\/FETRAVI-M5-TAP\/2015 por el delito de trata de personas.<\/span><\/p>\n<p><span style=\"font-family: verdana,geneva; font-size: 10pt;\">Los dos detenidos fueron puestos a disposici\u00f3n de un Juez que orden\u00f3 su encierro en el penal n\u00famero diez de esta localidad, donde enfrentar\u00e1n un proceso penal.<\/span><\/p>\n","protected":false},"excerpt":{"rendered":"<p>Durante un operativo conjunto, elementos de las polic\u00edas municipal, estatal preventiva y especializada detuvieron a dos j\u00f3venes que integraban una presunta banda dedicada a &#8220;enganchar&#8221; a mujeres a trav\u00e9s de Facebook con fines de prostituci\u00f3n.<\/p>\n","protected":false},"author":93,"featured_media":0,"comment_status":"open","ping_status":"open","sticky":false,"template":"","format":"standard","meta":{"footnotes":""},"categories":[37],"tags":[],"class_list":["post-1152","post","type-post","status-publish","format-standard","hentry","category-barandilla"],"_links":{"self":[{"href":"https:\/\/plazajuarez.mx\/historico\/wp-json\/wp\/v2\/posts\/1152","targetHints":{"allow":["GET"]}}],"collection":[{"href":"https:\/\/plazajuarez.mx\/historico\/wp-json\/wp\/v2\/posts"}],"about":[{"href":"https:\/\/plazajuarez.mx\/historico\/wp-json\/wp\/v2\/types\/post"}],"author":[{"embeddable":true,"href":"https:\/\/plazajuarez.mx\/historico\/wp-json\/wp\/v2\/users\/93"}],"replies":[{"embeddable":true,"href":"https:\/\/plazajuarez.mx\/historico\/wp-json\/wp\/v2\/comments?post=1152"}],"version-history":[{"count":0,"href":"https:\/\/plazajuarez.mx\/historico\/wp-json\/wp\/v2\/posts\/1152\/revisions"}],"wp:attachment":[{"href":"https:\/\/plazajuarez.mx\/historico\/wp-json\/wp\/v2\/media?parent=1152"}],"wp:term":[{"taxonomy":"category","embeddable":true,"href":"https:\/\/plazajuarez.mx\/historico\/wp-json\/wp\/v2\/categories?post=1152"},{"taxonomy":"post_tag","embeddable":true,"href":"https:\/\/plazajuarez.mx\/historico\/wp-json\/wp\/v2\/tags?post=1152"}],"curies":[{"name":"wp","href":"https:\/\/api.w.org\/{rel}","templated":true}]}}