{"id":114078,"date":"2020-06-06T06:00:00","date_gmt":"2020-06-06T11:00:00","guid":{"rendered":"https:\/\/plazajuarez.mx\/?p=114078"},"modified":"2020-06-06T04:55:41","modified_gmt":"2020-06-06T09:55:41","slug":"cine-de-hoy-63","status":"publish","type":"post","link":"https:\/\/plazajuarez.mx\/historico\/cine-de-hoy-63\/","title":{"rendered":"CINE DE HOY"},"content":{"rendered":"\n<h2 class=\"wp-block-heading\"><strong>De documentalista a documentalista<\/strong><\/h2>\n\n\n\n<!--more-->\n\n\n\n<p>La octava sesi\u00f3n de los Jueves en la Casa Bu\u00f1uel no tuvo desperdicio ya que reuni\u00f3 a dos de los mejores documentalista del pa\u00eds. Nicol\u00e1s Echeverr\u00eda representando a la vieja ola, y Everardo Gonz\u00e1lez a los nuevos documentalistas.<\/p>\n\n\n\n<p>Echeverr\u00eda record\u00f3 que se inici\u00f3 en la m\u00fasica antes de encontrar su verdadera vocaci\u00f3n detr\u00e1s de la c\u00e1mara, tras obtener una beca en Nueva York.<\/p>\n\n\n\n<p>Su primer trabajo, Semana Santa entre los Coras (1973)&nbsp; tiene la estructura de una sonata.<\/p>\n\n\n\n<p>Explic\u00f3 que en su \u00e9poca, el documental se encontraba relegado y que era casi imposible exhibirlo. Sigui\u00f3 las ense\u00f1anzas del cineasta Stan Brakhage de nunca utilizar narrador ni m\u00fasica sino permitir que la propia imagen estableciera el ritmo de la pel\u00edcula.<\/p>\n\n\n\n<p>Recuerda divertido que Poetas campesinos, es m\u00e1s una ficci\u00f3n que un documental, porque el circo que retrata, ya no exist\u00eda y tuvo que reconstruir toda la historia.<\/p>\n\n\n\n<p>Confiesa que su documental sobre Mar\u00eda Sabina naci\u00f3 por un capricho de Margarita L\u00f3pez Portillo, hermana del Presidente y poderosa directora de RTC.<\/p>\n\n\n\n<p>Echevarr\u00eda recuerda con cari\u00f1o Cabeza de Vaca, su primera ficci\u00f3n que est\u00e1 basada en Naufragios de \u00c1lvar N\u00fa\u00f1ez, Cabeza de Vaca, y cuyo principal prop\u00f3sito era recrear la experiencia cham\u00e1nica.&nbsp;<\/p>\n\n\n\n<p>Ambos documentalistas resaltaron la necesidad de rescatar las rutas de producci\u00f3n y generar espacios de exhibici\u00f3n para los documentalistas nacionales, que enfrentan graves problemas para filmar en la actualidad.&nbsp;<\/p>\n","protected":false},"excerpt":{"rendered":"<p>De documentalista a documentalista<\/p>\n","protected":false},"author":96,"featured_media":0,"comment_status":"closed","ping_status":"open","sticky":false,"template":"","format":"standard","meta":{"footnotes":""},"categories":[41],"tags":[],"class_list":["post-114078","post","type-post","status-publish","format-standard","hentry","category-arteria-cultural"],"_links":{"self":[{"href":"https:\/\/plazajuarez.mx\/historico\/wp-json\/wp\/v2\/posts\/114078","targetHints":{"allow":["GET"]}}],"collection":[{"href":"https:\/\/plazajuarez.mx\/historico\/wp-json\/wp\/v2\/posts"}],"about":[{"href":"https:\/\/plazajuarez.mx\/historico\/wp-json\/wp\/v2\/types\/post"}],"author":[{"embeddable":true,"href":"https:\/\/plazajuarez.mx\/historico\/wp-json\/wp\/v2\/users\/96"}],"replies":[{"embeddable":true,"href":"https:\/\/plazajuarez.mx\/historico\/wp-json\/wp\/v2\/comments?post=114078"}],"version-history":[{"count":0,"href":"https:\/\/plazajuarez.mx\/historico\/wp-json\/wp\/v2\/posts\/114078\/revisions"}],"wp:attachment":[{"href":"https:\/\/plazajuarez.mx\/historico\/wp-json\/wp\/v2\/media?parent=114078"}],"wp:term":[{"taxonomy":"category","embeddable":true,"href":"https:\/\/plazajuarez.mx\/historico\/wp-json\/wp\/v2\/categories?post=114078"},{"taxonomy":"post_tag","embeddable":true,"href":"https:\/\/plazajuarez.mx\/historico\/wp-json\/wp\/v2\/tags?post=114078"}],"curies":[{"name":"wp","href":"https:\/\/api.w.org\/{rel}","templated":true}]}}