{"id":113955,"date":"2020-06-05T15:47:11","date_gmt":"2020-06-05T20:47:11","guid":{"rendered":"https:\/\/plazajuarez.mx\/?p=113955"},"modified":"2020-06-05T15:47:19","modified_gmt":"2020-06-05T20:47:19","slug":"ddeser-promovera-salud-sexual-y-reproductiva","status":"publish","type":"post","link":"https:\/\/plazajuarez.mx\/historico\/ddeser-promovera-salud-sexual-y-reproductiva\/","title":{"rendered":"Ddeser promover\u00e1 salud sexual y reproductiva"},"content":{"rendered":"\n<ul class=\"wp-block-list\"><li><strong>Con el objetivo de descentralizar la informaci\u00f3n en materia de derechos sexuales y reproductivos.<\/strong><\/li><\/ul>\n\n\n\n<!--more-->\n\n\n\n<p>Gloria Contreras Jim\u00e9nez, coordinadora de la Red por los Derechos Sexuales y Reproductivos J\u00f3venes (Ddeser) en Hidalgo, dio a conocer que por medio de la convocatoria emitida por dicha organizaci\u00f3n, buscan promover los derechos sexuales y reproductivos en la entidad, por medio de divulgadores de informaci\u00f3n en esta materia.<\/p>\n\n\n\n<p>\u201cEsta convocatoria fue dirigida a la poblaci\u00f3n en general interesada en la salud sexual y reproductiva, a partir de los 13 a\u00f1os. En Ddeser nos comprometemos a brindarles toda la capacitaci\u00f3n e informaci\u00f3n al respecto\u201d, refiri\u00f3 la coordinadora de la red de j\u00f3venes en el estado.<\/p>\n\n\n\n<p>En este sentido, se\u00f1al\u00f3 que desde el mes de junio hasta octubre, esta organizaci\u00f3n comenzar\u00e1 a realizar actividades tanto virtuales, como presenciales, si es que las condiciones sanitarias lo permiten, dirigidas a las y los adolescentes, as\u00ed como a j\u00f3venes, en las que promover\u00e1n informaci\u00f3n cient\u00edfica y laica acerca de la sexualidad.<\/p>\n\n\n\n<p>\u201cA trav\u00e9s de este programa buscamos llegar a los 84 municipios de la entidad, porque hemos identificado que la informaci\u00f3n se encuentra centralizada en municipios como Pachuca, Mineral de la Reforma y Tizayuca, entonces buscamos que estas actividades lleguen a todas las regiones de Hidalgo, con ayuda de los medios digitales\u201d, destac\u00f3 Contreras Jim\u00e9nez.<\/p>\n\n\n\n<p>Del mismo modo, se\u00f1al\u00f3 que mediante estas acciones, pretenden impactar en las juventudes en temas como el embarazo adolescente y&nbsp; sus derechos sexuales y reproductivos, adem\u00e1s de c\u00f3mo ejercerlos sin barreras.<\/p>\n\n\n\n<p>Agreg\u00f3 que la convocatoria, hasta su cierre impact\u00f3 en zonas de Pachuca, Tula de Allende y Tulancingo y m\u00e1s de 45 personas se inscribieron en dicha estrategia, que tiene por objetivo descentralizar la informaci\u00f3n sexual y reproductiva en j\u00f3venes.<\/p>\n","protected":false},"excerpt":{"rendered":"<p>Con el objetivo de descentralizar la informaci\u00f3n en materia de derechos sexuales y reproductivos.<\/p>\n","protected":false},"author":93,"featured_media":0,"comment_status":"closed","ping_status":"open","sticky":false,"template":"","format":"standard","meta":{"footnotes":""},"categories":[15,59],"tags":[],"class_list":["post-113955","post","type-post","status-publish","format-standard","hentry","category-destacadas","category-general"],"_links":{"self":[{"href":"https:\/\/plazajuarez.mx\/historico\/wp-json\/wp\/v2\/posts\/113955","targetHints":{"allow":["GET"]}}],"collection":[{"href":"https:\/\/plazajuarez.mx\/historico\/wp-json\/wp\/v2\/posts"}],"about":[{"href":"https:\/\/plazajuarez.mx\/historico\/wp-json\/wp\/v2\/types\/post"}],"author":[{"embeddable":true,"href":"https:\/\/plazajuarez.mx\/historico\/wp-json\/wp\/v2\/users\/93"}],"replies":[{"embeddable":true,"href":"https:\/\/plazajuarez.mx\/historico\/wp-json\/wp\/v2\/comments?post=113955"}],"version-history":[{"count":0,"href":"https:\/\/plazajuarez.mx\/historico\/wp-json\/wp\/v2\/posts\/113955\/revisions"}],"wp:attachment":[{"href":"https:\/\/plazajuarez.mx\/historico\/wp-json\/wp\/v2\/media?parent=113955"}],"wp:term":[{"taxonomy":"category","embeddable":true,"href":"https:\/\/plazajuarez.mx\/historico\/wp-json\/wp\/v2\/categories?post=113955"},{"taxonomy":"post_tag","embeddable":true,"href":"https:\/\/plazajuarez.mx\/historico\/wp-json\/wp\/v2\/tags?post=113955"}],"curies":[{"name":"wp","href":"https:\/\/api.w.org\/{rel}","templated":true}]}}