{"id":113951,"date":"2020-06-05T14:28:03","date_gmt":"2020-06-05T19:28:03","guid":{"rendered":"https:\/\/plazajuarez.mx\/?p=113951"},"modified":"2020-06-05T14:28:12","modified_gmt":"2020-06-05T19:28:12","slug":"decisiones-de-alfaro-provocaron-asesinato-de-giovanni-morena","status":"publish","type":"post","link":"https:\/\/plazajuarez.mx\/historico\/decisiones-de-alfaro-provocaron-asesinato-de-giovanni-morena\/","title":{"rendered":"Decisiones de Alfaro provocaron asesinato de Giovanni: Morena"},"content":{"rendered":"\n<ul class=\"wp-block-list\"><li><strong>La vicepresidenta de la C\u00e1mara de Diputados, Dolores Padierna (Morena), exigi\u00f3 al gobernador de Jalisco, Enrique Alfaro, que se haga cargo de sus errores y no invente complots ni manipulaciones pol\u00edticas donde no existen.<\/strong><\/li><\/ul>\n\n\n\n<!--more-->\n\n\n\n<p><br>Padierna Luna tambi\u00e9n llam\u00f3 al mandatario estatal a asumir sus responsabilidades, a la justicia y a la historia y lo acus\u00f3 de provocar, con sus decisiones, un uso excesivo de la fuerza en la detenci\u00f3n y asesinato de Giovanni L\u00f3pez, porque, dijo, no usar cubrebocas.<\/p>\n\n\n\n<p><br>La diputada federal dijo que Enrique Alfaro est\u00e1 cegado por el poder y no le permite ver que las cuestiones de salud no se abordan con el uso de la fuerza p\u00fablica sino con el convencimiento y el respeto a los derechos humanos.<\/p>\n\n\n\n<p><br>Se\u00f1al\u00f3 que la ejecuci\u00f3n extrajudicial de Giovanni L\u00f3pez Ram\u00edrez a manos de polic\u00edas municipales el pasado 5 de mayo, no puede observarse ni analizarse fuera de un contexto de autoritarismo, de violencia institucional y abuso de poder fomentado y tolerado en buena medida por las propias actitudes bravuconas del gobernador quien pretendiendo mostrar una actitud de &#8220;macho&#8221; frente a sus gobernados en el marco de la pandemia del COVID-19 ha utilizado una serie de expresiones ofensivas que s\u00f3lo denotan su talante de d\u00e9spota.<\/p>\n\n\n\n<p><br>Padierna Luna hizo hincapi\u00e9 en que no conforme con haber dictado desde el pasado 19 de abril una serie de medidas autoritarias, desproporcionadas y violatorias de los derechos humanos, ahora Alfaro ha decidido utilizar un discurso &#8220;agresivo y lleno de mentiras para desviar la atenci\u00f3n sobre los impactos y las consecuencias que sus actos de autoritarismo han provocado en la sociedad jalisciense&#8221;.<\/p>\n\n\n\n<p><br>Lament\u00f3 que el encargado de coordinar los esfuerzos para enfrentar la emergencia sanitaria se dedique a generar un ambiente de confrontaci\u00f3n, de violencia, y genere distanciamiento y disputa con la Federaci\u00f3n que, de manera reiterada, ha solicitado coordinaci\u00f3n con los gobernadores.<\/p>\n\n\n\n<p><br>El corolario de los discursos ofensivos y de la mitoman\u00eda del gobernador de Jalisco, indic\u00f3 la legisladora federal, ocurri\u00f3 ayer con un video difundido en sus cuentas de redes sociales con relaci\u00f3n a las manifestaciones realizadas en el centro de Guadalajara por diversos grupos civiles, j\u00f3venes en su mayor\u00eda, al se\u00f1alar que tras esas leg\u00edtimas protestas estaba la Ciudad de M\u00e9xico o la Presidencia de la Rep\u00fablica y su partido, o sea Morena, &#8220;no se confunda se\u00f1or gobernador, no invente justificaciones absurdas de lo que s\u00f3lo usted es responsable&#8221;.<\/p>\n\n\n\n<p><br>Expuso que desde el Decreto publicado por el Gobernador el 19 de abril en donde establec\u00eda que se deb\u00eda &#8220;cumplir obligatoriamente el resguardo domiciliario, el uso de cubrebocas y una serie de medidas autoritarias, so pena de ser multados y arrestados hasta por 36 horas, ya expresaba su verdadera intenci\u00f3n de mostrarse como un gobernador &#8220;macho&#8221; que se atrev\u00eda a imponer medidas autoritarias que otros gobiernos democr\u00e1ticos y respetuosos de los derechos humanos no estaban tomando.<\/p>\n\n\n\n<p><br>Padierna Luna enfatiz\u00f3 que cuando el gobernador humill\u00f3 con groser\u00edas a las personas que sal\u00edan de sus casas y no acataban el resguardo domiciliario, expres\u00f3 su verdadero sentir clasista, pues la mayor\u00eda de la poblaci\u00f3n que sale de sus hogares lo hace por la absoluta necesidad de subsistir.<\/p>\n\n\n\n<p><br>Cit\u00f3 que cuando el gobernador dijo que las manifestaciones p\u00fablicas de inconformidad y descontento social &#8220;responden a intereses construidos desde la Ciudad de M\u00e9xico&#8221;, expres\u00f3 su profundo sentir fascista al negarse a reconocer que exista un leg\u00edtimo descontento social con su gobierno, legitimando con ello la violencia policial contra la ciudadan\u00eda<br>&#8220;No se equivoque se\u00f1or gobernador Enrique Alfaro, desde la Ciudad de M\u00e9xico no se orquestan ni se dirigen manifestaciones de descontento y repudio a su gobierno, ni se generan situaciones de confrontaci\u00f3n social, ni se promueven acciones contrarias a la ley y a los derechos humanos&#8221;, apunt\u00f3.<\/p>\n\n\n\n<p><br>Dej\u00f3 claro que desde Palacio Nacional se toman decisiones en el sentido completamente opuesto al del gobernador de Jalisco, y que desde la Ciudad de M\u00e9xico se han instrumentado medidas sanitarias, de salud p\u00fablica, de protecci\u00f3n civil y de contenci\u00f3n de la pandemia con un franco respeto a los Derechos Humanos de la poblaci\u00f3n.<\/p>\n\n\n\n<p><br>&#8220;H\u00e1gase cargo de sus errores, de su autoritarismo, de su clasismo, de su machismo, no invente complots ni manipulaciones pol\u00edticas donde no existen, asuma sus responsabilidades y enfrente a la justicia y a la historia por haber provocado con sus decisiones la brutalidad policiaca que asesin\u00f3 a Giovanni L\u00f3pez y que hoy mantiene en prisi\u00f3n a decenas de personas que est\u00e1n hartas de usted y de su gobierno&#8221;, concluy\u00f3.<\/p>\n","protected":false},"excerpt":{"rendered":"<p>La vicepresidenta de la C\u00e1mara de Diputados, Dolores Padierna (Morena), exigi\u00f3 al gobernador de Jalisco, Enrique Alfaro, que se haga cargo de sus errores y no invente complots ni manipulaciones pol\u00edticas donde no existen.<\/p>\n","protected":false},"author":81,"featured_media":0,"comment_status":"closed","ping_status":"open","sticky":false,"template":"","format":"standard","meta":{"footnotes":""},"categories":[63],"tags":[],"class_list":["post-113951","post","type-post","status-publish","format-standard","hentry","category-las-camaras"],"_links":{"self":[{"href":"https:\/\/plazajuarez.mx\/historico\/wp-json\/wp\/v2\/posts\/113951","targetHints":{"allow":["GET"]}}],"collection":[{"href":"https:\/\/plazajuarez.mx\/historico\/wp-json\/wp\/v2\/posts"}],"about":[{"href":"https:\/\/plazajuarez.mx\/historico\/wp-json\/wp\/v2\/types\/post"}],"author":[{"embeddable":true,"href":"https:\/\/plazajuarez.mx\/historico\/wp-json\/wp\/v2\/users\/81"}],"replies":[{"embeddable":true,"href":"https:\/\/plazajuarez.mx\/historico\/wp-json\/wp\/v2\/comments?post=113951"}],"version-history":[{"count":0,"href":"https:\/\/plazajuarez.mx\/historico\/wp-json\/wp\/v2\/posts\/113951\/revisions"}],"wp:attachment":[{"href":"https:\/\/plazajuarez.mx\/historico\/wp-json\/wp\/v2\/media?parent=113951"}],"wp:term":[{"taxonomy":"category","embeddable":true,"href":"https:\/\/plazajuarez.mx\/historico\/wp-json\/wp\/v2\/categories?post=113951"},{"taxonomy":"post_tag","embeddable":true,"href":"https:\/\/plazajuarez.mx\/historico\/wp-json\/wp\/v2\/tags?post=113951"}],"curies":[{"name":"wp","href":"https:\/\/api.w.org\/{rel}","templated":true}]}}