{"id":113937,"date":"2020-06-05T11:57:22","date_gmt":"2020-06-05T16:57:22","guid":{"rendered":"https:\/\/plazajuarez.mx\/?p=113937"},"modified":"2020-06-05T11:57:33","modified_gmt":"2020-06-05T16:57:33","slug":"los-contagios-globales-diarios-llegan-a-casi-130-000-casos-un-nuevo-record","status":"publish","type":"post","link":"https:\/\/plazajuarez.mx\/historico\/los-contagios-globales-diarios-llegan-a-casi-130-000-casos-un-nuevo-record\/","title":{"rendered":"Los contagios globales diarios llegan a casi 130.000 casos, un nuevo r\u00e9cord"},"content":{"rendered":"\n<ul class=\"wp-block-list\"><li><strong>Los fallecidos en el planeta por coronavirus ascienden a 387.298, el 90 por ciento de ellos concentrados entre Europa<\/strong><\/li><\/ul>\n\n\n\n<!--more-->\n\n\n\n<p>Los contagios diarios de COVID-19 alcanzaron en la \u00faltima jornada un nuevo r\u00e9cord de casi 130.000 casos, lo que indica que a\u00fan se est\u00e1 lejos de alcanzar el pico mundial de una pandemia que ya afecta a 6,51 millones de personas, seg\u00fan la Organizaci\u00f3n Mundial de la Salud (OMS).<\/p>\n\n\n\n<p>Los fallecidos en el planeta por COVID-19 ascienden a 387.298, el 90 por ciento de ellos concentrados entre Europa (con m\u00e1s de 182.000 muertes) y Am\u00e9rica (cerca de 170.000).<\/p>\n\n\n\n<p>Am\u00e9rica se mantiene como la regi\u00f3n con mayor n\u00famero de casos totales, con 3,08 millones de contagios, seguida de Europa (2,21 millones) y Oriente Medio, donde las infecciones ascienden a 587.000.<\/p>\n\n\n\n<p>S\u00f3lo Europa muestra una curva descendente en sus casos diarios. Por pa\u00edses preocupa la situaci\u00f3n de Ir\u00e1n, donde el gr\u00e1fico de infecciones por jornada parece indicar que es uno de los primeros pa\u00edses del mundo donde se ha producido una segunda oleada de la COVID 19.<\/p>\n\n\n\n<p>Los pacientes recuperados en el mundo son ya m\u00e1s de 3,2 millones, cerca de la mitad del total, mientras 53.000 pacientes se encuentran en estado grave o cr\u00edtico, de acuerdo con los datos de las redes sanitarias nacionales.<\/p>\n","protected":false},"excerpt":{"rendered":"<p>Los fallecidos en el planeta por coronavirus ascienden a 387.298, el 90 por ciento de ellos concentrados entre Europa<\/p>\n","protected":false},"author":80,"featured_media":0,"comment_status":"closed","ping_status":"open","sticky":false,"template":"","format":"standard","meta":{"footnotes":""},"categories":[15,31],"tags":[93,433],"class_list":["post-113937","post","type-post","status-publish","format-standard","hentry","category-destacadas","category-orbe","tag-covid-19","tag-record"],"_links":{"self":[{"href":"https:\/\/plazajuarez.mx\/historico\/wp-json\/wp\/v2\/posts\/113937","targetHints":{"allow":["GET"]}}],"collection":[{"href":"https:\/\/plazajuarez.mx\/historico\/wp-json\/wp\/v2\/posts"}],"about":[{"href":"https:\/\/plazajuarez.mx\/historico\/wp-json\/wp\/v2\/types\/post"}],"author":[{"embeddable":true,"href":"https:\/\/plazajuarez.mx\/historico\/wp-json\/wp\/v2\/users\/80"}],"replies":[{"embeddable":true,"href":"https:\/\/plazajuarez.mx\/historico\/wp-json\/wp\/v2\/comments?post=113937"}],"version-history":[{"count":0,"href":"https:\/\/plazajuarez.mx\/historico\/wp-json\/wp\/v2\/posts\/113937\/revisions"}],"wp:attachment":[{"href":"https:\/\/plazajuarez.mx\/historico\/wp-json\/wp\/v2\/media?parent=113937"}],"wp:term":[{"taxonomy":"category","embeddable":true,"href":"https:\/\/plazajuarez.mx\/historico\/wp-json\/wp\/v2\/categories?post=113937"},{"taxonomy":"post_tag","embeddable":true,"href":"https:\/\/plazajuarez.mx\/historico\/wp-json\/wp\/v2\/tags?post=113937"}],"curies":[{"name":"wp","href":"https:\/\/api.w.org\/{rel}","templated":true}]}}