{"id":113926,"date":"2020-06-05T07:16:14","date_gmt":"2020-06-05T12:16:14","guid":{"rendered":"https:\/\/plazajuarez.mx\/?p=113926"},"modified":"2020-06-05T07:16:23","modified_gmt":"2020-06-05T12:16:23","slug":"principe-carlos-admite-que-tuvo-suerte-con-el-coronavirus","status":"publish","type":"post","link":"https:\/\/plazajuarez.mx\/historico\/principe-carlos-admite-que-tuvo-suerte-con-el-coronavirus\/","title":{"rendered":"Pr\u00edncipe Carlos admite que tuvo &#8220;suerte&#8221; con el coronavirus"},"content":{"rendered":"\n<ul class=\"wp-block-list\"><li><strong>A pesar de haber dado positivo por el Covid-19, se sinti\u00f3 afortunado por tener s\u00edntomas leves<\/strong><\/li><\/ul>\n\n\n\n<!--more-->\n\n\n\n<p>El pr\u00edncipe Carlos, heredero de la corona brit\u00e1nica, ha admitido que no sufri\u00f3 mucho y tuvo &#8220;suerte&#8221; cuando dio positivo en Covid-19 al principio de la pandemia del coronavirus en el Reino Unido el pasado mes de marzo.<\/p>\n\n\n\n<p>El pr\u00edncipe de Gales, de 71 a\u00f1os, tuvo que aislarse siete d\u00edas en su residencia de Birkhall, en Escocia, tras dar positivo, pero sus s\u00edntomas fueron leves, seg\u00fan coment\u00f3 anoche a la cadena &#8220;Sky News&#8221;.<\/p>\n\n\n\n<p>&#8220;En mi caso tuve bastante suerte (&#8230;) y puedo entender mucho lo que otras personas han pasado&#8221; con el coronavirus, subray\u00f3 el hijo mayor de la reina Isabel II, y expres\u00f3 su solidaridad con todos aquellos que han perdido a seres queridos a causa del virus.<\/p>\n\n\n\n<p>Para el heredero de la corona, esta crisis hace necesario que el mundo preste m\u00e1s atenci\u00f3n a la naturaleza.<\/p>\n\n\n\n<p>&#8220;Antes de esto, la naturaleza hab\u00eda sido empujada a las periferias, la explotamos y excavamos y cortamos todo como si no hubiera ma\u00f1ana, como si no importase&#8221;, agreg\u00f3 el pr\u00edncipe.<\/p>\n\n\n\n<p>&#8220;Cuanto m\u00e1s erosionamos el mundo natural -dijo-, m\u00e1s destruimos la biodiversidad, m\u00e1s nos exponemos a este tipo de peligro&#8221;.<\/p>\n","protected":false},"excerpt":{"rendered":"<p>A pesar de haber dado positivo por el Covid-19, se sinti\u00f3 afortunado por tener s\u00edntomas leves<\/p>\n","protected":false},"author":80,"featured_media":0,"comment_status":"closed","ping_status":"open","sticky":false,"template":"","format":"standard","meta":{"footnotes":""},"categories":[38],"tags":[93],"class_list":["post-113926","post","type-post","status-publish","format-standard","hentry","category-show","tag-covid-19"],"_links":{"self":[{"href":"https:\/\/plazajuarez.mx\/historico\/wp-json\/wp\/v2\/posts\/113926","targetHints":{"allow":["GET"]}}],"collection":[{"href":"https:\/\/plazajuarez.mx\/historico\/wp-json\/wp\/v2\/posts"}],"about":[{"href":"https:\/\/plazajuarez.mx\/historico\/wp-json\/wp\/v2\/types\/post"}],"author":[{"embeddable":true,"href":"https:\/\/plazajuarez.mx\/historico\/wp-json\/wp\/v2\/users\/80"}],"replies":[{"embeddable":true,"href":"https:\/\/plazajuarez.mx\/historico\/wp-json\/wp\/v2\/comments?post=113926"}],"version-history":[{"count":0,"href":"https:\/\/plazajuarez.mx\/historico\/wp-json\/wp\/v2\/posts\/113926\/revisions"}],"wp:attachment":[{"href":"https:\/\/plazajuarez.mx\/historico\/wp-json\/wp\/v2\/media?parent=113926"}],"wp:term":[{"taxonomy":"category","embeddable":true,"href":"https:\/\/plazajuarez.mx\/historico\/wp-json\/wp\/v2\/categories?post=113926"},{"taxonomy":"post_tag","embeddable":true,"href":"https:\/\/plazajuarez.mx\/historico\/wp-json\/wp\/v2\/tags?post=113926"}],"curies":[{"name":"wp","href":"https:\/\/api.w.org\/{rel}","templated":true}]}}