{"id":113925,"date":"2020-06-05T07:13:06","date_gmt":"2020-06-05T12:13:06","guid":{"rendered":"https:\/\/plazajuarez.mx\/?p=113925"},"modified":"2020-06-05T07:13:14","modified_gmt":"2020-06-05T12:13:14","slug":"isabel-ii-se-dejara-ver-publicamente-en-su-cumpleanos","status":"publish","type":"post","link":"https:\/\/plazajuarez.mx\/historico\/isabel-ii-se-dejara-ver-publicamente-en-su-cumpleanos\/","title":{"rendered":"Isabel II se dejar\u00e1 ver p\u00fablicamente en su cumplea\u00f1os"},"content":{"rendered":"\n<ul class=\"wp-block-list\"><li><strong>La soberana cumpli\u00f3 94 a\u00f1os el pasado 21 de abril; habr\u00e1 una peque\u00f1a ceremonia<\/strong><\/li><\/ul>\n\n\n\n<!--more-->\n\n\n\n<p>La reina Isabel II se dejar\u00e1 ver en p\u00fablico en la celebraci\u00f3n oficial de su cumplea\u00f1os, el pr\u00f3ximo 13 de junio, su primer evento al aire libre desde el inicio del confinamiento por el coronavirus, confirm\u00f3 el palacio de Buckingham.<\/p>\n\n\n\n<p>Un portavoz real revel\u00f3 que se llevar\u00e1 a cabo una &#8220;peque\u00f1a ceremonia&#8221; en el castillo de Windsor en honor de la soberana, que particip\u00f3 por \u00faltima vez en un acto el pasado 9 de marzo en la Abad\u00eda de Westminster, en Londres, para conmemorar el D\u00eda de la Commonwealth.<\/p>\n\n\n\n<p>La soberana cumpli\u00f3 94 a\u00f1os el pasado 21 de abril, si bien tradicionalmente esa fecha se festeja en el Reino Unido siempre en verano, cuando generalmente acompa\u00f1a el buen clima.<\/p>\n\n\n\n<p>Al igual que el resto del pa\u00eds, los miembros de la familia real brit\u00e1nica se han atenido en los \u00faltimos meses a las \u00f3rdenes del Gobierno y han limitado sus interacciones sociales a videollamadas.<\/p>\n\n\n\n<p>&#8220;Habr\u00e1 una peque\u00f1a y breve ceremonia en el castillo de Windsor -residencia donde la monarca ha pasado todo el confinamiento junto con su esposo, el pr\u00edncipe Felipe- para marcar el cumplea\u00f1os oficial&#8221;, apunt\u00f3 el portavoz oficial.<\/p>\n\n\n\n<p>Al parecer, seg\u00fan el tabloide Daily Mail, el evento militar se llevar\u00e1 a cabo, y en \u00e9l participar\u00e1n tropas militares de los Guardas de Gales que har\u00e1n un saludo real.<\/p>\n","protected":false},"excerpt":{"rendered":"<p>La soberana cumpli\u00f3 94 a\u00f1os el pasado 21 de abril; habr\u00e1 una peque\u00f1a ceremonia<\/p>\n","protected":false},"author":80,"featured_media":0,"comment_status":"closed","ping_status":"open","sticky":false,"template":"","format":"standard","meta":{"footnotes":""},"categories":[38],"tags":[463],"class_list":["post-113925","post","type-post","status-publish","format-standard","hentry","category-show","tag-reina-isabel-ii"],"_links":{"self":[{"href":"https:\/\/plazajuarez.mx\/historico\/wp-json\/wp\/v2\/posts\/113925","targetHints":{"allow":["GET"]}}],"collection":[{"href":"https:\/\/plazajuarez.mx\/historico\/wp-json\/wp\/v2\/posts"}],"about":[{"href":"https:\/\/plazajuarez.mx\/historico\/wp-json\/wp\/v2\/types\/post"}],"author":[{"embeddable":true,"href":"https:\/\/plazajuarez.mx\/historico\/wp-json\/wp\/v2\/users\/80"}],"replies":[{"embeddable":true,"href":"https:\/\/plazajuarez.mx\/historico\/wp-json\/wp\/v2\/comments?post=113925"}],"version-history":[{"count":0,"href":"https:\/\/plazajuarez.mx\/historico\/wp-json\/wp\/v2\/posts\/113925\/revisions"}],"wp:attachment":[{"href":"https:\/\/plazajuarez.mx\/historico\/wp-json\/wp\/v2\/media?parent=113925"}],"wp:term":[{"taxonomy":"category","embeddable":true,"href":"https:\/\/plazajuarez.mx\/historico\/wp-json\/wp\/v2\/categories?post=113925"},{"taxonomy":"post_tag","embeddable":true,"href":"https:\/\/plazajuarez.mx\/historico\/wp-json\/wp\/v2\/tags?post=113925"}],"curies":[{"name":"wp","href":"https:\/\/api.w.org\/{rel}","templated":true}]}}