{"id":113902,"date":"2020-06-05T06:57:14","date_gmt":"2020-06-05T11:57:14","guid":{"rendered":"https:\/\/plazajuarez.mx\/?p=113902"},"modified":"2020-06-05T07:30:31","modified_gmt":"2020-06-05T12:30:31","slug":"no-bajar-guardia-ante-covid-19-romo-cruz","status":"publish","type":"post","link":"https:\/\/plazajuarez.mx\/historico\/no-bajar-guardia-ante-covid-19-romo-cruz\/","title":{"rendered":"\u201cNo bajar guardia ante Covid-19\u201d: Romo Cruz"},"content":{"rendered":"\n<ul class=\"wp-block-list\"><li><strong>No debemos olvidar que lo peor para Hidalgo est\u00e1 por llegar, enfatiz\u00f3 el titular de la Secretar\u00eda Ejecutiva de las Pol\u00edticas P\u00fablicas<\/strong><\/li><\/ul>\n\n\n\n<!--more-->\n\n\n\n<p>El titular de la Secretar\u00eda Ejecutiva de las Pol\u00edticas P\u00fablicas en Hidalgo, Jos\u00e9 Luis Romo Cruz, inform\u00f3 que de acuerdo con las cifras que se han monitoreados en los \u00faltimos d\u00edas, as\u00ed como las predicciones que con base en estad\u00edsticas y estudios, dio a conocer el gobernador Omar Fayad Meneses, en Hidalgo \u201clo peor est\u00e1 por llegar\u201d, ya que se tiene un mes de atraso con respecto al sem\u00e1foro epidemiol\u00f3gico del pa\u00eds, y se pronostica que los siguientes d\u00edas, ser\u00e1n muy dif\u00edciles para la entidad.\u00a0<\/p>\n\n\n\n<p>Al respecto, el funcionario estatal, enfatiz\u00f3 el mensaje que ha publicado en sus redes sociales \u201cNo debemos olvidar que lo peor para Hidalgo, est\u00e1 por llegar. Te necesitamos, por favor\u201d, y exhort\u00f3 a la poblaci\u00f3n a seguir las recomendaciones sanitarias a fin de evitar que las cifras, tanto de infectados como de fallecidos, se incrementen en la entidad, ya que tan s\u00f3lo el corte del pasado mi\u00e9rcoles report\u00f3 35 nuevos decesos y desde el inicio de la contingencia se contabilizan 365 defunciones.<\/p>\n\n\n\n<p>De igual forma, en entrevista para el programa Al Aire de Radio y Televisi\u00f3n de Hidalgo,&nbsp; Romo Cruz, record\u00f3 los apoyos que se ofrecen a la poblaci\u00f3n mediante los distintos programas y l\u00edneas de acci\u00f3n implementadas durante la contingencia, mismas que van sumadas en el Operativo Escudo, entre los que destac\u00f3 el apoyo a los desempleados, a los empresarios, peque\u00f1os comerciantes y a la poblaci\u00f3n m\u00e1s vulnerable en general.<\/p>\n\n\n\n<p>Finalmente, asegur\u00f3 que el trabajo dentro de la administraci\u00f3n estatal continuar\u00e1 a fin de buscar estrategias que se sumen y contribuyan a \u201chacer m\u00e1s ligera\u201d la situaci\u00f3n que se causar\u00e1 por los estragos que generar\u00e1 la contingencia sanitaria en el estado, por lo que pidi\u00f3 a la poblaci\u00f3n y a los distintos sectores que la conforman a que no bajen la guardia y resistan los siguientes d\u00edas en los que se pronostica que la situaci\u00f3n ser\u00e1 m\u00e1s complicada para Hidalgo.<\/p>\n","protected":false},"excerpt":{"rendered":"<p>No debemos olvidar que lo peor para Hidalgo est\u00e1 por llegar, enfatiz\u00f3 el titular de la Secretar\u00eda Ejecutiva de las Pol\u00edticas P\u00fablicas<\/p>\n","protected":false},"author":93,"featured_media":0,"comment_status":"closed","ping_status":"open","sticky":false,"template":"","format":"standard","meta":{"footnotes":""},"categories":[15,59],"tags":[93],"class_list":["post-113902","post","type-post","status-publish","format-standard","hentry","category-destacadas","category-general","tag-covid-19"],"_links":{"self":[{"href":"https:\/\/plazajuarez.mx\/historico\/wp-json\/wp\/v2\/posts\/113902","targetHints":{"allow":["GET"]}}],"collection":[{"href":"https:\/\/plazajuarez.mx\/historico\/wp-json\/wp\/v2\/posts"}],"about":[{"href":"https:\/\/plazajuarez.mx\/historico\/wp-json\/wp\/v2\/types\/post"}],"author":[{"embeddable":true,"href":"https:\/\/plazajuarez.mx\/historico\/wp-json\/wp\/v2\/users\/93"}],"replies":[{"embeddable":true,"href":"https:\/\/plazajuarez.mx\/historico\/wp-json\/wp\/v2\/comments?post=113902"}],"version-history":[{"count":0,"href":"https:\/\/plazajuarez.mx\/historico\/wp-json\/wp\/v2\/posts\/113902\/revisions"}],"wp:attachment":[{"href":"https:\/\/plazajuarez.mx\/historico\/wp-json\/wp\/v2\/media?parent=113902"}],"wp:term":[{"taxonomy":"category","embeddable":true,"href":"https:\/\/plazajuarez.mx\/historico\/wp-json\/wp\/v2\/categories?post=113902"},{"taxonomy":"post_tag","embeddable":true,"href":"https:\/\/plazajuarez.mx\/historico\/wp-json\/wp\/v2\/tags?post=113902"}],"curies":[{"name":"wp","href":"https:\/\/api.w.org\/{rel}","templated":true}]}}