{"id":113806,"date":"2020-06-05T06:00:00","date_gmt":"2020-06-05T11:00:00","guid":{"rendered":"https:\/\/plazajuarez.mx\/?p=113806"},"modified":"2020-06-05T00:06:00","modified_gmt":"2020-06-05T05:06:00","slug":"detienen-a-presunto-ladron-de-la-capilla-de-la-colonia-el-cerrito","status":"publish","type":"post","link":"https:\/\/plazajuarez.mx\/historico\/detienen-a-presunto-ladron-de-la-capilla-de-la-colonia-el-cerrito\/","title":{"rendered":"Detienen a presunto ladr\u00f3n de la capilla de la colonia El Cerrito"},"content":{"rendered":"\n<ul class=\"wp-block-list\"><li><strong>Sustrajo aparatos el\u00e9ctricos, objetos de uso personal y lit\u00fargicos<\/strong><\/li><\/ul>\n\n\n\n<!--more-->\n\n\n\n<p>Elementos de Seguridad P\u00fablica del municipio, detuvieron, el mi\u00e9rcoles,\u00a0 a un joven, quien minutos antes ingres\u00f3 a la capilla de la colonia El Cerrito, de donde sustrajo aparatos el\u00e9ctricos, objetos de uso personal, as\u00ed como lit\u00fargicos, que fueron recuperados, adem\u00e1s de un arma blanca que llevaba consigo.\u00a0<\/p>\n\n\n\n<p>Una llamada an\u00f3nima, inform\u00f3 sobre la presencia de una persona con varias mochilas, que hab\u00eda ingresado a la ermita, por lo que al arribar la polic\u00eda municipal, se realiz\u00f3 la inspecci\u00f3n localiz\u00e1ndole al sujeto diversos objetos.&nbsp;<\/p>\n\n\n\n<p>Fue identificado como Dairon Uriel \u201cN\u201d, de 19 a\u00f1os de edad, con domicilio en la comunidad de Chicavasco.&nbsp;<\/p>\n\n\n\n<p>Dairon llevaba dos c\u00e1lices, un cop\u00f3n con hostias en su interior, dos especies de platos met\u00e1licos, as\u00ed como una custodia lit\u00fargica (sant\u00edsimo).&nbsp;<\/p>\n\n\n\n<p>Adem\u00e1s, se le localiz\u00f3 ropa de hombre, mujer y productos de belleza entre otros, dentro de las mochilas.&nbsp;&nbsp;<\/p>\n\n\n\n<p>Luego de ser revisado, fue trasladado al \u00e1rea de retenci\u00f3n primaria, donde se le hizo la valoraci\u00f3n m\u00e9dica correspondiente y posteriormente, puesto a disposici\u00f3n del Ministerio P\u00fablico.&nbsp;<\/p>\n","protected":false},"excerpt":{"rendered":"<p>Sustrajo aparatos el\u00e9ctricos, objetos de uso personal y lit\u00fargicos<\/p>\n","protected":false},"author":75,"featured_media":0,"comment_status":"closed","ping_status":"open","sticky":false,"template":"","format":"standard","meta":{"footnotes":""},"categories":[40],"tags":[],"class_list":["post-113806","post","type-post","status-publish","format-standard","hentry","category-region"],"_links":{"self":[{"href":"https:\/\/plazajuarez.mx\/historico\/wp-json\/wp\/v2\/posts\/113806","targetHints":{"allow":["GET"]}}],"collection":[{"href":"https:\/\/plazajuarez.mx\/historico\/wp-json\/wp\/v2\/posts"}],"about":[{"href":"https:\/\/plazajuarez.mx\/historico\/wp-json\/wp\/v2\/types\/post"}],"author":[{"embeddable":true,"href":"https:\/\/plazajuarez.mx\/historico\/wp-json\/wp\/v2\/users\/75"}],"replies":[{"embeddable":true,"href":"https:\/\/plazajuarez.mx\/historico\/wp-json\/wp\/v2\/comments?post=113806"}],"version-history":[{"count":0,"href":"https:\/\/plazajuarez.mx\/historico\/wp-json\/wp\/v2\/posts\/113806\/revisions"}],"wp:attachment":[{"href":"https:\/\/plazajuarez.mx\/historico\/wp-json\/wp\/v2\/media?parent=113806"}],"wp:term":[{"taxonomy":"category","embeddable":true,"href":"https:\/\/plazajuarez.mx\/historico\/wp-json\/wp\/v2\/categories?post=113806"},{"taxonomy":"post_tag","embeddable":true,"href":"https:\/\/plazajuarez.mx\/historico\/wp-json\/wp\/v2\/tags?post=113806"}],"curies":[{"name":"wp","href":"https:\/\/api.w.org\/{rel}","templated":true}]}}