{"id":113803,"date":"2020-06-05T06:00:00","date_gmt":"2020-06-05T11:00:00","guid":{"rendered":"https:\/\/plazajuarez.mx\/?p=113803"},"modified":"2020-06-04T23:30:05","modified_gmt":"2020-06-05T04:30:05","slug":"investiga-la-fiscalia-de-jalisco-a-policias-por-la-muerte-de-giovanni","status":"publish","type":"post","link":"https:\/\/plazajuarez.mx\/historico\/investiga-la-fiscalia-de-jalisco-a-policias-por-la-muerte-de-giovanni\/","title":{"rendered":"Investiga la Fiscal\u00eda de Jalisco a polic\u00edas por la muerte de Giovanni"},"content":{"rendered":"\n<ul class=\"wp-block-list\"><li><strong>En un principio se dijo que el arresto fue porque el joven de 30 a\u00f1os no portaba cubrebocas, pero el fiscal del estado, Gerardo Octavio Sol\u00eds G\u00f3mez, neg\u00f3 que ese fuera el motivo, pero este no ha sido aclarado<\/strong><\/li><\/ul>\n\n\n\n<!--more-->\n\n\n\n<p>La Fiscal\u00eda de Jalisco investiga a polic\u00edas de Ixtlahuac\u00e1n de los Membrillos, del \u00c1rea Metropolitana de Guadalajara, por la muerte de Giovanni L\u00f3pez, arrestado la noche del 4 de mayo y falleci\u00f3 por golpes mientras estaba bajo custodia de los uniformados.<\/p>\n\n\n\n<p>En un principio se dijo que el arresto fue porque el joven de 30 a\u00f1os no portaba cubrebocas, pero el fiscal del estado, Gerardo Octavio Sol\u00eds G\u00f3mez, neg\u00f3 que ese fuera el motivo y que no ha sido aclarado.<\/p>\n\n\n\n<p>En la detenci\u00f3n de Giovanni su familia grab\u00f3 la forma violenta en que ocurrieron los hechos y al d\u00eda siguiente acudieron a buscarlo a los separos de la polic\u00eda, pero les informaron que estaba grave en el Hospital Civil de Guadalajara.<\/p>\n\n\n\n<p>M\u00e1s tarde, se enteraron del fallecimiento de Giovanni, cuya acta de defunci\u00f3n se\u00f1alaba que muri\u00f3 por un golpe en la cabeza y acudieron al Servicio M\u00e9dico Forense a reclamar el cuerpo, que seg\u00fan ellos presentaba un balazo en una pierna.<\/p>\n\n\n\n<p>Al ver que las investigaciones no avanzaban, familiares decidieron hacer p\u00fablico el video y denunciaron que el presidente municipal intent\u00f3 sobornarlos con 200 mil pesos para no difundir el material y los amenaz\u00f3.<\/p>\n\n\n\n<p>En comunicado de prensa, el Alcalde de Ixtlahuac\u00e1n neg\u00f3 la acusaci\u00f3n y primero asegur\u00f3 que el joven falleci\u00f3 en Servicios M\u00e9dicos Municipales, luego afirm\u00f3 que la muerte ocurri\u00f3 en el trayecto al hospital.<\/p>\n\n\n\n<p>Por su parte, el fiscal del estado asegur\u00f3 que en todo momento Giovanni L\u00f3pez estuvo bajo custodia de polic\u00edas de Ixtlahuac\u00e1n, por lo que se investiga a varios de ellos, incluyendo al comisario, Jos\u00e9 Manuel Becerra Santacruz.<\/p>\n\n\n\n<p>Indic\u00f3 que todos los elementos investigados siguen en activo y laborando porque el alcalde no dio la orden de suspenderlos; asegur\u00f3 que hay inconsistencias en las declaraciones de los uniformados y los dict\u00e1menes periciales, por lo que el ministerio p\u00fablico est\u00e1 pr\u00f3ximo a determinar c\u00f3mo proceder en el caso.<\/p>\n\n\n\n<p>Respecto las presuntas amenazas del alcalde a la familia de Giovanni, Sol\u00eds G\u00f3mez se\u00f1al\u00f3: &#8220;Las amenazas no es algo que est\u00e9 comprobado, pero de comprobarse que el alcalde busc\u00f3 interferir en la investigaci\u00f3n, podr\u00eda ser penalizado como obstrucci\u00f3n de la justicia; si se llega a probar que el alcalde busc\u00f3 desviar la investigaci\u00f3n incurrir\u00eda en una irregularidad grave de car\u00e1cter penal que ser\u00e1 investigada por la Fiscal\u00eda hasta llegar a las \u00faltimas consecuencias&#8221;.<\/p>\n\n\n\n<p>Adem\u00e1s, indic\u00f3 que hay otras dos carpetas de investigaci\u00f3n abiertas contra polic\u00edas de Ixtlahuac\u00e1n de los Membrillos por hechos distintos a \u00e9ste.<\/p>\n\n\n\n<p>El gobernador del estado, Enrique Alfaro, se\u00f1al\u00f3 en sus redes sociales que si los polic\u00edas municipales son culpables de cometer un exceso en el uso de la fuerza, ser\u00e1n castigados con todo el peso de la ley.<\/p>\n","protected":false},"excerpt":{"rendered":"<p>En un principio se dijo que el arresto fue porque el joven de 30 a\u00f1os no portaba cubrebocas, pero el fiscal del estado, Gerardo Octavio Sol\u00eds G\u00f3mez, neg\u00f3 que ese fuera el motivo, pero este no ha sido aclarado<\/p>\n","protected":false},"author":81,"featured_media":0,"comment_status":"closed","ping_status":"open","sticky":false,"template":"","format":"standard","meta":{"footnotes":""},"categories":[37],"tags":[443,436],"class_list":["post-113803","post","type-post","status-publish","format-standard","hentry","category-barandilla","tag-investigacion","tag-jalisco"],"_links":{"self":[{"href":"https:\/\/plazajuarez.mx\/historico\/wp-json\/wp\/v2\/posts\/113803","targetHints":{"allow":["GET"]}}],"collection":[{"href":"https:\/\/plazajuarez.mx\/historico\/wp-json\/wp\/v2\/posts"}],"about":[{"href":"https:\/\/plazajuarez.mx\/historico\/wp-json\/wp\/v2\/types\/post"}],"author":[{"embeddable":true,"href":"https:\/\/plazajuarez.mx\/historico\/wp-json\/wp\/v2\/users\/81"}],"replies":[{"embeddable":true,"href":"https:\/\/plazajuarez.mx\/historico\/wp-json\/wp\/v2\/comments?post=113803"}],"version-history":[{"count":0,"href":"https:\/\/plazajuarez.mx\/historico\/wp-json\/wp\/v2\/posts\/113803\/revisions"}],"wp:attachment":[{"href":"https:\/\/plazajuarez.mx\/historico\/wp-json\/wp\/v2\/media?parent=113803"}],"wp:term":[{"taxonomy":"category","embeddable":true,"href":"https:\/\/plazajuarez.mx\/historico\/wp-json\/wp\/v2\/categories?post=113803"},{"taxonomy":"post_tag","embeddable":true,"href":"https:\/\/plazajuarez.mx\/historico\/wp-json\/wp\/v2\/tags?post=113803"}],"curies":[{"name":"wp","href":"https:\/\/api.w.org\/{rel}","templated":true}]}}