{"id":113801,"date":"2020-06-05T06:00:00","date_gmt":"2020-06-05T11:00:00","guid":{"rendered":"https:\/\/plazajuarez.mx\/?p=113801"},"modified":"2020-06-04T23:30:05","modified_gmt":"2020-06-05T04:30:05","slug":"aseguran-nueve-vehiculos-y-marihuana","status":"publish","type":"post","link":"https:\/\/plazajuarez.mx\/historico\/aseguran-nueve-vehiculos-y-marihuana\/","title":{"rendered":"Aseguran nueve veh\u00edculos y marihuana"},"content":{"rendered":"\n<ul class=\"wp-block-list\"><li><strong>Decomisan veh\u00edculos, una granada de fragmentaci\u00f3n,\u00a0 semillas de marihuana y amapola<\/strong><\/li><\/ul>\n\n\n\n<!--more-->\n\n\n\n<p>La Unidad de Fuerzas Especiales de la Polic\u00eda del Estado de Guerrero, en coordinaci\u00f3n con la Guardia Nacional, el Ej\u00e9rcito Mexicano y la Fiscal\u00eda General del Estado asegur\u00f3 en el municipio de Leonardo Bravo nueve veh\u00edculos con reporte de robo, una granada de fragmentaci\u00f3n, 35 kilos de marihuana aproximadamente as\u00ed como semilla de marihuana y amapola.&nbsp;<\/p>\n\n\n\n<p>Se inform\u00f3 que lo asegurado fue puesto a disposici\u00f3n de la Fiscal\u00eda General de la Rep\u00fablica y del Fiscal\u00eda General del Estado.&nbsp;<\/p>\n\n\n\n<p>La Unidad de Fuerzas Especiales con polic\u00edas estatales de la Regi\u00f3n Centro, y personal de la Guardia Nacional, Ej\u00e9rcito Mexicano y de la Fiscal\u00eda General del Estado se trasladaron al municipio de Leonardo Bravo despu\u00e9s de que pobladores llamaron a la l\u00ednea de emergencias 911 para alertar de probables hechos delictivos.&nbsp;<\/p>\n\n\n\n<p>Ah\u00ed los efectivos polic\u00edacos realizaron recorridos de seguridad en prevenci\u00f3n del delito y localizaron los nueve veh\u00edculos con reporte de robo, adem\u00e1s de aproximadamente 35 kilos de marihuana, m\u00e1s otros 10 kilos de semilla de marihuana y otros 10 kilos de semilla de amapola.&nbsp;<\/p>\n\n\n\n<p>Los veh\u00edculos decomisados son un Jeep, una camioneta marca Cadillac tipo SRX, una camioneta Tacoma marca Toyota, un veh\u00edculo de la marca Honda City, un Tsuru III de la marca Nissan, una camioneta Mitsubishi, dos camionetas Pick up con estaquitas, marca Nissan y una camioneta Durango de la marca Dodge.&nbsp;<\/p>\n\n\n\n<p>Los veh\u00edculos, la granada de fragmentaci\u00f3n, la marihuana y semillas de marihuana y amapola fueron trasladados inmediatamente a Chilpancingo para ser puestos a disposici\u00f3n de la autoridad competente.&nbsp;<\/p>\n\n\n\n<p>El operativo conjunto que se implementa, por Polic\u00eda del Estado, Guardia Nacional, Ej\u00e9rcito Mexicano y Fiscal\u00eda General del Estado se mantendr\u00e1 en la zona para proteger a la poblaci\u00f3n, detener a probables infractores de la Ley y disuadir cualquier incidente de violencia.<\/p>\n","protected":false},"excerpt":{"rendered":"<p>Decomisan veh\u00edculos, una granada de fragmentaci\u00f3n,\u00a0 semillas de marihuana y amapola<\/p>\n","protected":false},"author":93,"featured_media":0,"comment_status":"closed","ping_status":"open","sticky":false,"template":"","format":"standard","meta":{"footnotes":""},"categories":[37],"tags":[442,441],"class_list":["post-113801","post","type-post","status-publish","format-standard","hentry","category-barandilla","tag-marihuana","tag-vehiculo"],"_links":{"self":[{"href":"https:\/\/plazajuarez.mx\/historico\/wp-json\/wp\/v2\/posts\/113801","targetHints":{"allow":["GET"]}}],"collection":[{"href":"https:\/\/plazajuarez.mx\/historico\/wp-json\/wp\/v2\/posts"}],"about":[{"href":"https:\/\/plazajuarez.mx\/historico\/wp-json\/wp\/v2\/types\/post"}],"author":[{"embeddable":true,"href":"https:\/\/plazajuarez.mx\/historico\/wp-json\/wp\/v2\/users\/93"}],"replies":[{"embeddable":true,"href":"https:\/\/plazajuarez.mx\/historico\/wp-json\/wp\/v2\/comments?post=113801"}],"version-history":[{"count":0,"href":"https:\/\/plazajuarez.mx\/historico\/wp-json\/wp\/v2\/posts\/113801\/revisions"}],"wp:attachment":[{"href":"https:\/\/plazajuarez.mx\/historico\/wp-json\/wp\/v2\/media?parent=113801"}],"wp:term":[{"taxonomy":"category","embeddable":true,"href":"https:\/\/plazajuarez.mx\/historico\/wp-json\/wp\/v2\/categories?post=113801"},{"taxonomy":"post_tag","embeddable":true,"href":"https:\/\/plazajuarez.mx\/historico\/wp-json\/wp\/v2\/tags?post=113801"}],"curies":[{"name":"wp","href":"https:\/\/api.w.org\/{rel}","templated":true}]}}