{"id":113565,"date":"2020-06-04T06:00:00","date_gmt":"2020-06-04T11:00:00","guid":{"rendered":"https:\/\/plazajuarez.mx\/?p=113565"},"modified":"2020-06-03T21:54:45","modified_gmt":"2020-06-04T02:54:45","slug":"docentes-no-se-detienen-se-capacitan-de-manera-virtual","status":"publish","type":"post","link":"https:\/\/plazajuarez.mx\/historico\/docentes-no-se-detienen-se-capacitan-de-manera-virtual\/","title":{"rendered":"Docentes no se detienen: se capacitan de manera virtual"},"content":{"rendered":"\n<ul class=\"wp-block-list\"><li><strong>\u201cDebemos vivir nuestra misi\u00f3n como educadores y trasformadores de vida\u201d<\/strong><\/li><\/ul>\n\n\n\n<!--more-->\n\n\n\n<p>Como parte del aprendizaje constante que reciben docentes de la Universidad Polit\u00e9cnica de Tulancingo (UPT) y con la finalidad de impartir educaci\u00f3n de calidad a estudiantes de esta instituci\u00f3n durante la presente contingencia por Covid-19, se llev\u00f3 a cabo de manera virtual la conferencia&nbsp; denominada: &#8220;La motivaci\u00f3n en entornos virtuales para favorecer el aprendizaje de los estudiantes\u201d, realizada por la Maestr\u00eda en Contribuciones Fiscales (MCF).&nbsp;<\/p>\n\n\n\n<p>En esta ocasi\u00f3n, la charla fue impartida por el Coordinador de la MFC, C\u00e9sar \u00c1ngel L\u00f3pez Torres y los psic\u00f3logos de la instituci\u00f3n: Joseline Oc\u00e1diz Rosas y Oscar Antonio Alvarado Mu\u00f1oz, quienes durante m\u00e1s de 60 minutos compartieron informaci\u00f3n con profesores de la instituci\u00f3n, abordando temas como: consecuencias acad\u00e9micas de una desmotivaci\u00f3n, estr\u00e9s, bajo rendimiento, depresi\u00f3n o deserci\u00f3n escolar.<\/p>\n\n\n\n<p>Por su parte, el Rector de la Instituci\u00f3n, Arturo Gil Borja, agradeci\u00f3 la conferencia por parte de los especialistas y los exhort\u00f3 a redoblar esfuerzos y efectuar sus clases con el mismo amor e inter\u00e9s que de manera presencial, as\u00ed como aclarar a los estudiantes las dudas que puedan presentarse.<\/p>\n","protected":false},"excerpt":{"rendered":"<p>\u201cDebemos vivir nuestra misi\u00f3n como educadores y trasformadores de vida\u201d<\/p>\n","protected":false},"author":93,"featured_media":0,"comment_status":"closed","ping_status":"open","sticky":false,"template":"","format":"standard","meta":{"footnotes":""},"categories":[59],"tags":[],"class_list":["post-113565","post","type-post","status-publish","format-standard","hentry","category-general"],"_links":{"self":[{"href":"https:\/\/plazajuarez.mx\/historico\/wp-json\/wp\/v2\/posts\/113565","targetHints":{"allow":["GET"]}}],"collection":[{"href":"https:\/\/plazajuarez.mx\/historico\/wp-json\/wp\/v2\/posts"}],"about":[{"href":"https:\/\/plazajuarez.mx\/historico\/wp-json\/wp\/v2\/types\/post"}],"author":[{"embeddable":true,"href":"https:\/\/plazajuarez.mx\/historico\/wp-json\/wp\/v2\/users\/93"}],"replies":[{"embeddable":true,"href":"https:\/\/plazajuarez.mx\/historico\/wp-json\/wp\/v2\/comments?post=113565"}],"version-history":[{"count":0,"href":"https:\/\/plazajuarez.mx\/historico\/wp-json\/wp\/v2\/posts\/113565\/revisions"}],"wp:attachment":[{"href":"https:\/\/plazajuarez.mx\/historico\/wp-json\/wp\/v2\/media?parent=113565"}],"wp:term":[{"taxonomy":"category","embeddable":true,"href":"https:\/\/plazajuarez.mx\/historico\/wp-json\/wp\/v2\/categories?post=113565"},{"taxonomy":"post_tag","embeddable":true,"href":"https:\/\/plazajuarez.mx\/historico\/wp-json\/wp\/v2\/tags?post=113565"}],"curies":[{"name":"wp","href":"https:\/\/api.w.org\/{rel}","templated":true}]}}