{"id":113563,"date":"2020-06-04T06:00:00","date_gmt":"2020-06-04T11:00:00","guid":{"rendered":"https:\/\/plazajuarez.mx\/?p=113563"},"modified":"2020-06-03T21:18:35","modified_gmt":"2020-06-04T02:18:35","slug":"problemas-entre-rubio-y-colate-aumentan","status":"publish","type":"post","link":"https:\/\/plazajuarez.mx\/historico\/problemas-entre-rubio-y-colate-aumentan\/","title":{"rendered":"Problemas entre Rubio y Colate, aumentan"},"content":{"rendered":"\n<p>El empresario espa\u00f1ol Nicol\u00e1s Vallejo-N\u00e1jera, conocido como Colate, asegur\u00f3 este mi\u00e9rcoles a un medio mexicano que \u00e9l no pidi\u00f3 que Paulina Rubio se hiciese la prueba de drogas en la que dio positivo en marihuana ni tampoco solicit\u00f3 la custodia completa de su hijo.<\/p>\n\n\n\n<p>&#8220;Nadie le ha pedido que se haga un an\u00e1lisis de drogas, me ha parecido que la audiencia fue absurda. Yo en ning\u00fan caso estoy pidiendo la custodia, como he explicado muchas veces he sacrificado muchas cosas para que mi hijo tenga a su pap\u00e1 y a su mam\u00e1 cerca y as\u00ed voy a seguir&#8221;, declar\u00f3 el empresario a Imagen Televisi\u00f3n.<\/p>\n\n\n\n<p>Colate a\u00f1adi\u00f3 que s\u00ed busca &#8220;cambiar algunas cuestiones&#8221; para que su hijo &#8220;est\u00e9 mejor&#8221;.<\/p>\n\n\n\n<p>Estas declaraciones llegan despu\u00e9s de que se diera a conocer que Colate hab\u00eda expuesto durante una audiencia legal en los tribunales de Miami un material audiovisual mediante el que acusaba a la cantante de consumir drogas.<\/p>\n\n\n\n<p>Se trataba del v\u00eddeo que caus\u00f3 gran pol\u00e9mica entre sus seguidores pues Rubio aparece en directo en redes sociales interpretando sus canciones y por el que, por ciertos movimientos, m\u00faltiples equivocaciones y a una extra\u00f1a forma de actuar, muchos insinuaron que la cantante estar\u00eda consumiendo sustancias ilegales, entre ellos Colate.<\/p>\n\n\n\n<p>Al poco tiempo trascendi\u00f3 la noticia de que el ex marido de \u201cLa Chica Dorada\u201d hab\u00eda utilizado dicho v\u00eddeo y argumentos como el maltrato f\u00edsico y psicol\u00f3gico hacia el hijo de ambos para pedir la custodia del menor.<\/p>\n\n\n\n<p>Sin embargo, este mi\u00e9rcoles el empresario neg\u00f3 que su intenci\u00f3n fuera el obtenerla por completo, seg\u00fan destac\u00f3 en la entrevista con el medio local.<\/p>\n\n\n\n<p>Ante dichas acusaciones, Rubio se someti\u00f3 de forma voluntaria a una prueba toxicol\u00f3gica rigurosa, en la que, seg\u00fan se\u00f1al\u00f3 la abogada de lo familiar en Estados Unidos Sandra Hoyos la prueba \u00fanicamente fue positiva en el consumo de marihuana.<\/p>\n\n\n\n<p>No es la primera vez que Paulina Rubio y su ex esposo protagonizan un encontronazo, ya que desde su divorcio en 2012 han sido varias las ocasiones en las que se han enfrentado p\u00fablicamente.<\/p>\n\n\n\n<p>El proceso dur\u00f3 m\u00e1s de dos a\u00f1os, tiempo en el que acudieron en varias ocasiones a los tribunales debido a la divisi\u00f3n de bienes, la pelea por la custodia de su hijo Andrea Nicol\u00e1s y la petici\u00f3n de Colate de sustento econ\u00f3mico por parte de Rubio.<\/p>\n\n\n\n<p>Incluso despu\u00e9s de finalizado el proceso de divorcio, como en esta ocasi\u00f3n, tuvieron discusiones sobre con qui\u00e9n debe estar el ni\u00f1o.<\/p>\n","protected":false},"excerpt":{"rendered":"<p>El empresario espa\u00f1ol Nicol\u00e1s Vallejo-N\u00e1jera, conocido como Colate, asegur\u00f3 este mi\u00e9rcoles a un medio mexicano que \u00e9l no pidi\u00f3 que Paulina Rubio se hiciese la prueba de drogas en la que dio positivo en marihuana ni tampoco solicit\u00f3 la custodia completa de su hijo. &#8220;Nadie le ha pedido que se haga un an\u00e1lisis de drogas, [&hellip;]<\/p>\n","protected":false},"author":80,"featured_media":0,"comment_status":"closed","ping_status":"open","sticky":false,"template":"","format":"standard","meta":{"footnotes":""},"categories":[38],"tags":[],"class_list":["post-113563","post","type-post","status-publish","format-standard","hentry","category-show"],"_links":{"self":[{"href":"https:\/\/plazajuarez.mx\/historico\/wp-json\/wp\/v2\/posts\/113563","targetHints":{"allow":["GET"]}}],"collection":[{"href":"https:\/\/plazajuarez.mx\/historico\/wp-json\/wp\/v2\/posts"}],"about":[{"href":"https:\/\/plazajuarez.mx\/historico\/wp-json\/wp\/v2\/types\/post"}],"author":[{"embeddable":true,"href":"https:\/\/plazajuarez.mx\/historico\/wp-json\/wp\/v2\/users\/80"}],"replies":[{"embeddable":true,"href":"https:\/\/plazajuarez.mx\/historico\/wp-json\/wp\/v2\/comments?post=113563"}],"version-history":[{"count":0,"href":"https:\/\/plazajuarez.mx\/historico\/wp-json\/wp\/v2\/posts\/113563\/revisions"}],"wp:attachment":[{"href":"https:\/\/plazajuarez.mx\/historico\/wp-json\/wp\/v2\/media?parent=113563"}],"wp:term":[{"taxonomy":"category","embeddable":true,"href":"https:\/\/plazajuarez.mx\/historico\/wp-json\/wp\/v2\/categories?post=113563"},{"taxonomy":"post_tag","embeddable":true,"href":"https:\/\/plazajuarez.mx\/historico\/wp-json\/wp\/v2\/tags?post=113563"}],"curies":[{"name":"wp","href":"https:\/\/api.w.org\/{rel}","templated":true}]}}