{"id":113560,"date":"2020-06-04T06:00:00","date_gmt":"2020-06-04T11:00:00","guid":{"rendered":"https:\/\/plazajuarez.mx\/?p=113560"},"modified":"2020-06-03T21:21:44","modified_gmt":"2020-06-04T02:21:44","slug":"cine-de-hoy-61","status":"publish","type":"post","link":"https:\/\/plazajuarez.mx\/historico\/cine-de-hoy-61\/","title":{"rendered":"CINE DE HOY"},"content":{"rendered":"\n<p><strong>Carnaval en jeans<\/strong><\/p>\n\n\n\n<ul class=\"wp-block-list\"><li><strong>El realizador regresa a Toritama, un pueblo que lo marc\u00f3 en su ni\u00f1ez<\/strong><\/li><\/ul>\n\n\n\n<!--more-->\n\n\n\n<p>El realizador brasile\u00f1o Marcelo Gomes se ha convertido en un asiduo de los festivales nacionales desde que se exhibi\u00f3 \u201cViajo porque preciso. Vuelvo porque te amo\u201d, hace una d\u00e9cada.<\/p>\n\n\n\n<p>Posteriormente se han exhibido \u201cErase una vez Ver\u00f3nica\u201d, \u201cEl hombre de las multitudes\u201d, \u201cEl buey ne\u00f3n\u201d y \u201cJoaqu\u00edn\u201d.<\/p>\n\n\n\n<p>Por eso no es de extra\u00f1ar que uno de los platos fuertes del XV Festival Ambulante sea su m\u00e1s reciente trabajo \u201cEsperando el carnaval\u201d.<\/p>\n\n\n\n<p>El realizador regresa a Toritama, un pueblo que lo marc\u00f3 en su ni\u00f1ez<\/p>\n\n\n\n<p>Se sorprende porque la poblaci\u00f3n se ha convertido en la capital de los jeans.<\/p>\n\n\n\n<p>Todos los pobladores parecen dedicarse a esa actividad, aunque la mayor parte de ellos trabajan por su cuenta, \u201cporque de esa manera se gana m\u00e1s\u201d.&nbsp;<\/p>\n\n\n\n<p>Gomes entrevista a hombres y mujeres que le explican los pormenores de la actividad.<\/p>\n\n\n\n<p>Pero de la noche a la ma\u00f1ana, los pobladores parecen volverse locos. La realidad es que se acerca el carnaval y todos quieren ir a la playa para celebrarlo.<\/p>\n\n\n\n<p>Dejan de trabajar y se ponen a vender sus m\u00e1s preciadas posesiones, su m\u00e1quina de coser, su pantalla de plasma.<\/p>\n\n\n\n<p>Ya las recuperar\u00e1n a su regreso, aunque para ello tengan que trabajar 14 horas diarias.<\/p>\n\n\n\n<p>Leonardo, el personaje m\u00e1s carism\u00e1tico del filme, acepta con gusto filmar sus vacaciones, a cambio de ayuda econ\u00f3mica para \u00e9stas.<\/p>\n\n\n\n<p>\u201cEstou me guardando para quando o carnaval chegar\u201d, resulta pues un sencillo y entra\u00f1able homenaje a esos hombres que viven para trabajar, pero que tambi\u00e9n quieren vacacionar.&nbsp;<\/p>\n","protected":false},"excerpt":{"rendered":"<p>Carnaval en jeans El realizador regresa a Toritama, un pueblo que lo marc\u00f3 en su ni\u00f1ez<\/p>\n","protected":false},"author":96,"featured_media":0,"comment_status":"closed","ping_status":"open","sticky":false,"template":"","format":"standard","meta":{"footnotes":""},"categories":[54,42],"tags":[],"class_list":["post-113560","post","type-post","status-publish","format-standard","hentry","category-jorge-carrasco","category-nuestrapalabra"],"_links":{"self":[{"href":"https:\/\/plazajuarez.mx\/historico\/wp-json\/wp\/v2\/posts\/113560","targetHints":{"allow":["GET"]}}],"collection":[{"href":"https:\/\/plazajuarez.mx\/historico\/wp-json\/wp\/v2\/posts"}],"about":[{"href":"https:\/\/plazajuarez.mx\/historico\/wp-json\/wp\/v2\/types\/post"}],"author":[{"embeddable":true,"href":"https:\/\/plazajuarez.mx\/historico\/wp-json\/wp\/v2\/users\/96"}],"replies":[{"embeddable":true,"href":"https:\/\/plazajuarez.mx\/historico\/wp-json\/wp\/v2\/comments?post=113560"}],"version-history":[{"count":0,"href":"https:\/\/plazajuarez.mx\/historico\/wp-json\/wp\/v2\/posts\/113560\/revisions"}],"wp:attachment":[{"href":"https:\/\/plazajuarez.mx\/historico\/wp-json\/wp\/v2\/media?parent=113560"}],"wp:term":[{"taxonomy":"category","embeddable":true,"href":"https:\/\/plazajuarez.mx\/historico\/wp-json\/wp\/v2\/categories?post=113560"},{"taxonomy":"post_tag","embeddable":true,"href":"https:\/\/plazajuarez.mx\/historico\/wp-json\/wp\/v2\/tags?post=113560"}],"curies":[{"name":"wp","href":"https:\/\/api.w.org\/{rel}","templated":true}]}}