{"id":113520,"date":"2020-06-03T14:04:46","date_gmt":"2020-06-03T19:04:46","guid":{"rendered":"https:\/\/plazajuarez.mx\/?p=113520"},"modified":"2020-06-03T14:05:05","modified_gmt":"2020-06-03T19:05:05","slug":"lopez-obrador-llama-a-mexicanos-a-quedarse-en-casa-pese-a-nueva-normalidad","status":"publish","type":"post","link":"https:\/\/plazajuarez.mx\/historico\/lopez-obrador-llama-a-mexicanos-a-quedarse-en-casa-pese-a-nueva-normalidad\/","title":{"rendered":"L\u00f3pez Obrador llama a mexicanos a quedarse en casa pese a &#8220;nueva normalidad&#8221;"},"content":{"rendered":"\n<ul class=\"wp-block-list\"><li><strong>M\u00e9xico vivi\u00f3 el martes la jornada con m\u00e1s contagios hasta la fecha, al sumar 3.891 casos nuevos<\/strong><\/li><\/ul>\n\n\n\n<!--more-->\n\n\n\n<p>El presidente de M\u00e9xico, Andr\u00e9s Manuel L\u00f3pez Obrador, llam\u00f3 este mi\u00e9rcoles a la poblaci\u00f3n a quedarse en casa porque la pandemia de COVID-19 sigue avanzando en el pa\u00eds a pesar de que las autoridades anunciaron esta semana el inicio de la &#8220;nueva normalidad&#8221;.<\/p>\n\n\n\n<p>&#8220;Volver a llamar a que nos quedemos en casa si no tenemos ninguna actividad esencial, si no es indispensable hay que quedarnos en nuestras casas. Salgamos para lo indispensable, no nos confiemos&#8221;, expres\u00f3 en una conferencia de prensa en Campeche, en su tercer d\u00eda de giras por el sureste del pa\u00eds tras retomar sus viajes.<\/p>\n\n\n\n<p>M\u00e9xico vivi\u00f3 el martes la jornada con m\u00e1s contagios hasta la fecha, al sumar 3.891 casos nuevos y alcanzar los 97.325 desde el inicio de la pandemia, y 470 fallecidos para un total de 10.637 decesos acumulados.<\/p>\n\n\n\n<p>&#8220;Es una pandemia muy da\u00f1ina, que afecta mucho. Duele que se pierdan vidas humanas. Vamos a cuidarnos, que se mantenga lo de la sana distancia. Mientras no tengamos vacuna, hay que cuidarnos&#8221;, dijo L\u00f3pez Obrador, que hace semanas que asegura haber &#8220;domado&#8221; la pandemia.<\/p>\n\n\n\n<p>Tras dos meses de cierre econ\u00f3mico, el Gobierno federal anunci\u00f3 el lunes pasado el comienzo de la &#8220;nueva normalidad&#8221; en el pa\u00eds con base en un plan de reactivaci\u00f3n por fases basado en un sem\u00e1foro e inst\u00f3 a las autoridades estatales a concretar cada una su propio plan de reapertura.<\/p>\n\n\n\n<p>Este anuncio gener\u00f3 confusi\u00f3n entre la ciudadan\u00eda y, seg\u00fan datos del Gobierno, este martes aument\u00f3 la movilidad ciudadana en 30 estados del pa\u00eds a pesar de no haber llegado al pico de la pandemia.<\/p>\n\n\n\n<p>L\u00f3pez Obrador rechaz\u00f3 haber mandando mensajes confusos a la poblaci\u00f3n y atribuy\u00f3 el aumento de la movilidad al &#8220;cansancio&#8221; de la poblaci\u00f3n tras dos meses de par\u00f3n.<\/p>\n\n\n\n<p>&#8220;Creo que es natural el cansancio, es una cuesti\u00f3n entendible porque son muchos d\u00edas. No todos tenemos casas amplias, no todos tenemos asegurado un salario. Eso hay que tomarlo en cuenta. Sin embargo, hay que cuidarnos&#8221;, asegur\u00f3.<\/p>\n\n\n\n<p>El mandatario se mostr\u00f3 especialmente preocupado por el avance de la pandemia en Ciudad de M\u00e9xico, foco rojo en el pa\u00eds, y por el rebrote en el sure\u00f1o estado de Tabasco, su tierra natal.<\/p>\n\n\n\n<p>A finales de abril, el subsecretario de Salud Hugo Lopez-Gatell, quien comanda la batalla contra el coronavirus en M\u00e9xico, pronostic\u00f3 que la pandemia dejar\u00eda 8.000 muertos en el pa\u00eds, pero ahora cree que podr\u00eda llegar a los 30.000 decesos.<\/p>\n\n\n\n<p>Aunque las autoridades han recomendado desde finales de marzo quedarse en casa a la poblaci\u00f3n, el confinamiento no est\u00e1 siendo obligatorio para no afectar a los millones de personas que dependen del comercio informal.<\/p>\n","protected":false},"excerpt":{"rendered":"<p>M\u00e9xico vivi\u00f3 el martes la jornada con m\u00e1s contagios hasta la fecha, al sumar 3.891 casos nuevos<\/p>\n","protected":false},"author":80,"featured_media":0,"comment_status":"closed","ping_status":"open","sticky":false,"template":"","format":"standard","meta":{"footnotes":""},"categories":[15,36],"tags":[144,217],"class_list":["post-113520","post","type-post","status-publish","format-standard","hentry","category-destacadas","category-nacion","tag-amlo","tag-nueva-normalidad"],"_links":{"self":[{"href":"https:\/\/plazajuarez.mx\/historico\/wp-json\/wp\/v2\/posts\/113520","targetHints":{"allow":["GET"]}}],"collection":[{"href":"https:\/\/plazajuarez.mx\/historico\/wp-json\/wp\/v2\/posts"}],"about":[{"href":"https:\/\/plazajuarez.mx\/historico\/wp-json\/wp\/v2\/types\/post"}],"author":[{"embeddable":true,"href":"https:\/\/plazajuarez.mx\/historico\/wp-json\/wp\/v2\/users\/80"}],"replies":[{"embeddable":true,"href":"https:\/\/plazajuarez.mx\/historico\/wp-json\/wp\/v2\/comments?post=113520"}],"version-history":[{"count":0,"href":"https:\/\/plazajuarez.mx\/historico\/wp-json\/wp\/v2\/posts\/113520\/revisions"}],"wp:attachment":[{"href":"https:\/\/plazajuarez.mx\/historico\/wp-json\/wp\/v2\/media?parent=113520"}],"wp:term":[{"taxonomy":"category","embeddable":true,"href":"https:\/\/plazajuarez.mx\/historico\/wp-json\/wp\/v2\/categories?post=113520"},{"taxonomy":"post_tag","embeddable":true,"href":"https:\/\/plazajuarez.mx\/historico\/wp-json\/wp\/v2\/tags?post=113520"}],"curies":[{"name":"wp","href":"https:\/\/api.w.org\/{rel}","templated":true}]}}