{"id":113497,"date":"2020-06-03T11:19:30","date_gmt":"2020-06-03T16:19:30","guid":{"rendered":"https:\/\/plazajuarez.mx\/?p=113497"},"modified":"2020-06-03T11:19:38","modified_gmt":"2020-06-03T16:19:38","slug":"amlo-pide-a-opositores-a-tren-maya-respetar-decision-del-pueblo","status":"publish","type":"post","link":"https:\/\/plazajuarez.mx\/historico\/amlo-pide-a-opositores-a-tren-maya-respetar-decision-del-pueblo\/","title":{"rendered":"AMLO pide a opositores a Tren Maya respetar decisi\u00f3n del pueblo"},"content":{"rendered":"\n<ul class=\"wp-block-list\"><li><strong>El proyecto protege el medio ambiente, asegur\u00f3 el presidente de M\u00e9xico <\/strong><\/li><\/ul>\n\n\n\n<!--more-->\n\n\n\n<p>El presidente Andr\u00e9s Manuel L\u00f3pez Obrador solicit\u00f3 a los opositores a Tren Maya respetar la decisi\u00f3n del pueblo que ya vot\u00f3 en favor del proyecto y que no solo traer\u00e1 justicia al sureste mexicano, sino que adem\u00e1s <\/p>\n\n\n\n<p><br>En la Tercera Regi\u00f3n Naval Militar, en su conferencia, dijo que la oposici\u00f3n tienen todo su derecho de manifestarse, de expresarse, pero &#8220;es una obra necesaria para el sureste, es de justicia, y adem\u00e1s para proteger el medio ambiente, muy contrario a lo que ellos sostienen&#8221;.<\/p>\n\n\n\n<p><br>&#8220;A la par que se construye el Tren Maya, se est\u00e1n sembrando miles de hect\u00e1reas de \u00e1rboles frutales y maderables, cerca de 300 mil hect\u00e1reas, en Campeche, Yucat\u00e1n, Quintana Roo, Chiapas, Tabasco&#8221;.<\/p>\n\n\n\n<p><br>Asegur\u00f3 que, a deferencia del nuevo aeropuerto en Santa Luc\u00eda, Estado de M\u00e9xico, donde sus opositores presentaron 80 amparos, en esta obra no existe ning\u00fan impedimento legal que lo detenga.<\/p>\n\n\n\n<p><br>&#8220;Estamos siendo respetuosos de la legalidad, no hay ning\u00fan amparo, se presentaron unos en el caso de Chiapas que ni siquiera correspond\u00edan a la ruta del Tren Maya y ya el Poder Judicial los desech\u00f3&#8221;.<\/p>\n","protected":false},"excerpt":{"rendered":"<p>El proyecto protege el medio ambiente, asegur\u00f3 el presidente de M\u00e9xico<\/p>\n","protected":false},"author":81,"featured_media":0,"comment_status":"closed","ping_status":"open","sticky":false,"template":"","format":"standard","meta":{"footnotes":""},"categories":[15,36],"tags":[144,412],"class_list":["post-113497","post","type-post","status-publish","format-standard","hentry","category-destacadas","category-nacion","tag-amlo","tag-tren-maya"],"_links":{"self":[{"href":"https:\/\/plazajuarez.mx\/historico\/wp-json\/wp\/v2\/posts\/113497","targetHints":{"allow":["GET"]}}],"collection":[{"href":"https:\/\/plazajuarez.mx\/historico\/wp-json\/wp\/v2\/posts"}],"about":[{"href":"https:\/\/plazajuarez.mx\/historico\/wp-json\/wp\/v2\/types\/post"}],"author":[{"embeddable":true,"href":"https:\/\/plazajuarez.mx\/historico\/wp-json\/wp\/v2\/users\/81"}],"replies":[{"embeddable":true,"href":"https:\/\/plazajuarez.mx\/historico\/wp-json\/wp\/v2\/comments?post=113497"}],"version-history":[{"count":0,"href":"https:\/\/plazajuarez.mx\/historico\/wp-json\/wp\/v2\/posts\/113497\/revisions"}],"wp:attachment":[{"href":"https:\/\/plazajuarez.mx\/historico\/wp-json\/wp\/v2\/media?parent=113497"}],"wp:term":[{"taxonomy":"category","embeddable":true,"href":"https:\/\/plazajuarez.mx\/historico\/wp-json\/wp\/v2\/categories?post=113497"},{"taxonomy":"post_tag","embeddable":true,"href":"https:\/\/plazajuarez.mx\/historico\/wp-json\/wp\/v2\/tags?post=113497"}],"curies":[{"name":"wp","href":"https:\/\/api.w.org\/{rel}","templated":true}]}}