{"id":113384,"date":"2020-06-03T06:00:00","date_gmt":"2020-06-03T11:00:00","guid":{"rendered":"https:\/\/plazajuarez.mx\/?p=113384"},"modified":"2020-06-02T22:39:41","modified_gmt":"2020-06-03T03:39:41","slug":"impulsan-estrategia-de-activacion-economica","status":"publish","type":"post","link":"https:\/\/plazajuarez.mx\/historico\/impulsan-estrategia-de-activacion-economica\/","title":{"rendered":"Impulsan estrategia de activaci\u00f3n econ\u00f3mica"},"content":{"rendered":"\n<ul class=\"wp-block-list\"><li><strong>Propuesta de Movimiento Ciudadano basada en un nuevo pacto fiscal<\/strong><\/li><\/ul>\n\n\n\n<!--more-->\n\n\n\n<p>El coordinador de la Comisi\u00f3n Operativa Estatal Provisional de Movimiento Ciudadano (MC), Pablo G\u00f3mez L\u00f3pez, asegur\u00f3 el impulso de una estrategia para la reactivaci\u00f3n econ\u00f3mica, una vez concluido el confinamiento por la pandemia de Coronavirus.<\/p>\n\n\n\n<p>Se\u00f1al\u00f3 que la agenda de \u00e9ste partido se rige por las causas ciudadanas y el tema econ\u00f3mico es la parte m\u00e1s afectada derivada de la incorrecta conducci\u00f3n por parte del presidente de la Rep\u00fablica, Andr\u00e9s Manuel L\u00f3pez Obrador&nbsp;<\/p>\n\n\n\n<p>En ese sentido, asegur\u00f3 que MC, con otras fuerzas pol\u00edticas, han logrado formar un bloque de contenci\u00f3n a nivel nacional, en el Senado y C\u00e1mara de Diputados, quienes tienen la en encomienda de evitar cambios que terminen por lastimar m\u00e1s la econom\u00eda.<\/p>\n\n\n\n<p>\u201cNo estamos a favor de un asistencialismo como el que L\u00f3pez Obrador est\u00e1 encabezando, creemos que la parte productiva debe impulsarse, sabemos que hay un alto grado de informalidad, tenemos que ver la forma ser parte de la reconstrucci\u00f3n y el nuevo M\u00e9xico, Hidalgo y Pachuca en materia econ\u00f3mica\u201d, dijo.<\/p>\n\n\n\n<p>Por lo anterior, G\u00f3mez L\u00f3pez refiri\u00f3 que Movimiento Ciudadano tiene un apartado denominado \u201cPensando en M\u00e9xico\u201d propuesto por especialistas en materia econ\u00f3mica que plantea rutas para avanzar, como el caso de un nuevo pacto fiscal que mejore las condiciones de retribuci\u00f3n para los municipios y estados.<\/p>\n\n\n\n<p>Explic\u00f3 que en el aspecto local, en la plataforma electoral, misma en que se que inscribieron en meses pasados para la pr\u00f3xima contienda local, incluyen la importancia del detonante econ\u00f3mico desde sus propias vocaciones productivas y condiciones geogr\u00e1ficas naturales.<\/p>\n\n\n\n<p>El l\u00edder de MC asever\u00f3: \u201cpugnamos por un municipalismo fortalecido\u2026 nosotros apostamos a llevar en 2020 a los mejores hidalguenses que est\u00e9n en los cargos de presidentes, regidores y s\u00edndicos y que conozcan el tema econ\u00f3mico para poder levantar a sus municipios\u201d.<\/p>\n","protected":false},"excerpt":{"rendered":"<p>Propuesta de Movimiento Ciudadano basada en un nuevo pacto fiscal<\/p>\n","protected":false},"author":73,"featured_media":0,"comment_status":"closed","ping_status":"open","sticky":false,"template":"","format":"standard","meta":{"footnotes":""},"categories":[59],"tags":[],"class_list":["post-113384","post","type-post","status-publish","format-standard","hentry","category-general"],"_links":{"self":[{"href":"https:\/\/plazajuarez.mx\/historico\/wp-json\/wp\/v2\/posts\/113384","targetHints":{"allow":["GET"]}}],"collection":[{"href":"https:\/\/plazajuarez.mx\/historico\/wp-json\/wp\/v2\/posts"}],"about":[{"href":"https:\/\/plazajuarez.mx\/historico\/wp-json\/wp\/v2\/types\/post"}],"author":[{"embeddable":true,"href":"https:\/\/plazajuarez.mx\/historico\/wp-json\/wp\/v2\/users\/73"}],"replies":[{"embeddable":true,"href":"https:\/\/plazajuarez.mx\/historico\/wp-json\/wp\/v2\/comments?post=113384"}],"version-history":[{"count":0,"href":"https:\/\/plazajuarez.mx\/historico\/wp-json\/wp\/v2\/posts\/113384\/revisions"}],"wp:attachment":[{"href":"https:\/\/plazajuarez.mx\/historico\/wp-json\/wp\/v2\/media?parent=113384"}],"wp:term":[{"taxonomy":"category","embeddable":true,"href":"https:\/\/plazajuarez.mx\/historico\/wp-json\/wp\/v2\/categories?post=113384"},{"taxonomy":"post_tag","embeddable":true,"href":"https:\/\/plazajuarez.mx\/historico\/wp-json\/wp\/v2\/tags?post=113384"}],"curies":[{"name":"wp","href":"https:\/\/api.w.org\/{rel}","templated":true}]}}