{"id":113383,"date":"2020-06-03T06:00:00","date_gmt":"2020-06-03T11:00:00","guid":{"rendered":"https:\/\/plazajuarez.mx\/?p=113383"},"modified":"2020-06-02T22:40:44","modified_gmt":"2020-06-03T03:40:44","slug":"retrato-hereje-22","status":"publish","type":"post","link":"https:\/\/plazajuarez.mx\/historico\/retrato-hereje-22\/","title":{"rendered":"Retrato Hereje"},"content":{"rendered":"\n<p><strong>Sheinbaum: los muertos que nos perseguir\u00e1n<\/strong><\/p>\n\n\n\n<ul class=\"wp-block-list\"><li><strong>A Jorge Zepeda Patterson, con respeto por su inteligencia y su libertad. Aunque discrepe de \u00e9l en su valoraci\u00f3n de la 4T<\/strong><\/li><\/ul>\n\n\n\n<p><strong><em>Por: Roberto Rock L.<\/em><\/strong><\/p>\n\n\n\n<!--more-->\n\n\n\n<p>El drama de la pandemia por Covid-19 cruz\u00f3 ayer el umbral de las 10 mil defunciones. Est\u00e1 a la vista una creciente discrepancia entre la visi\u00f3n que guarda un amplio grupo de gobernadores y la de los funcionarios que manejan las cifras oficiales. Para estos \u00faltimos todo acabar\u00e1 siendo estad\u00edsticas. Los mandatarios saben que esos muertos apelar\u00e1n a su conciencia y supondr\u00e1n un reclamo que los perseguir\u00e1 siempre, incluso m\u00e1s all\u00e1 de cuando concluyan su gesti\u00f3n actual.<\/p>\n\n\n\n<p>Los muertos pesan. Por eso tienen un impacto humano y social. Cuando el polvo se asiente, las historias incomprensibles, las cifras inaceptables regresar\u00e1n en forma de costo en la imagen p\u00fablica de la presente generaci\u00f3n de pol\u00edticos.<\/p>\n\n\n\n<p>En esa tesitura se halla la jefa de Gobierno de la capital, Claudia Sheinbaum, que ha tenido diferencias cada menos discretas frente al manejo federal de la crisis sanitaria. Un ruidoso silencio rodea su distancia con respecto a Hugo L\u00f3pez-Gatell, vocero y autor de la estrategia.<\/p>\n\n\n\n<p>Versiones s\u00f3lidas compartidas a este espacio por funcionarios federales aseguran que, en una reuni\u00f3n privada, la se\u00f1ora Sheinbaum inquiri\u00f3 directamente a sus interlocutores, altos mandos del sector: &#8220;\u00bfQui\u00e9n le dice al Presidente la verdad sobre el n\u00famero de muertos\u2026?&#8221;.<\/p>\n\n\n\n<p>Su formaci\u00f3n cient\u00edfica (con un doctorado y vertientes en la f\u00edsica y la ingenier\u00eda ambiental) quiz\u00e1 no dote a la gobernante capitalina de gran carisma, pero se trata de una de las mentes m\u00e1s ordenadas del \u00e1mbito p\u00fablico actual. Se ha beneficiado, adem\u00e1s, de su cercan\u00eda con expertos, por lo que en los hechos impuls\u00f3 una ruta propia, con pruebas diagn\u00f3sticas m\u00e1s numerosas, entre otras medidas. La ciudad lidera las tablas de muertos, pero ha podido evitar una cat\u00e1strofe del nivel de Nueva York.<\/p>\n\n\n\n<p>Un reporte period\u00edstico publicado el 18 de mayo alertando sobre el triple de muertes por covid seg\u00fan los registros en actas de defunci\u00f3n en la ciudad, result\u00f3 providencial para disminuir la presi\u00f3n pol\u00edtica que se hac\u00eda sobre el gobierno local para acelerar la entrada a la &#8220;nueva normalidad&#8221;. Horas despu\u00e9s la propia mandataria acept\u00f3 que el n\u00famero de v\u00edctimas es mayor al oficial, lo que tuvo el efecto de una bomba de profundidad sobre la credibilidad del doctor L\u00f3pez-Gatell.<\/p>\n\n\n\n<p>Cada uno de los 10 mil muertos que ya nos marcan como pa\u00eds suponen un signo de interrogaci\u00f3n que alguien deber\u00e1 resolver, temprano o tarde.<\/p>\n\n\n\n<p>Se demandar\u00e1 saber por qu\u00e9 la autoridad sanitaria anunci\u00f3 que el primer caso detectado, el &#8220;paciente 0&#8221;, fue el 28 de febrero, cuando en los propios registros de la Secretar\u00eda de Salud aparecen casos desde el 6 de enero, como ocurre con Mariana &#8220;N&#8221;, registrada con la clave 09f6d9 y atendida en el IMSS.<\/p>\n\n\n\n<p>Los periodistas que han seguido esos registros son testigos de que los registros p\u00fablicos son caprichosos, pues asientan y desaparecen nombres, claves y fechas con la mayor discrecionalidad \u2014o desorden. Lo que no se podr\u00e1 borrar es la certeza de que M\u00e9xico comenz\u00f3 tarde sus medidas emergentes para controlar la pandemia, cuando desde inicios de diciembre ya el mundo sab\u00eda lo que ven\u00eda de China.<\/p>\n\n\n\n<p>Las proclamas sobre la &#8220;curva aplanada&#8221; o la &#8220;pandemia domada&#8221; no ser\u00e1n suficientes para responder por qu\u00e9 desde el pasado fin de semana M\u00e9xico es ya el sexto pa\u00eds con m\u00e1s contagios en Am\u00e9rica, el tercero con m\u00e1s muertes, el s\u00e9ptimo con mayor n\u00famero de v\u00edctimas por cada mill\u00f3n de habitantes, formando una liga vergonzosa con Estados Unidos y Brasil.<\/p>\n\n\n\n<p>La naci\u00f3n carga ya con m\u00e1s de 10 mil muertos. Y contando.<\/p>\n","protected":false},"excerpt":{"rendered":"<p>Sheinbaum: los muertos que nos perseguir\u00e1n A Jorge Zepeda Patterson, con respeto por su inteligencia y su libertad. Aunque discrepe de \u00e9l en su valoraci\u00f3n de la 4T Por: Roberto Rock L.<\/p>\n","protected":false},"author":81,"featured_media":0,"comment_status":"closed","ping_status":"open","sticky":false,"template":"","format":"standard","meta":{"footnotes":""},"categories":[42],"tags":[],"class_list":["post-113383","post","type-post","status-publish","format-standard","hentry","category-nuestrapalabra"],"_links":{"self":[{"href":"https:\/\/plazajuarez.mx\/historico\/wp-json\/wp\/v2\/posts\/113383","targetHints":{"allow":["GET"]}}],"collection":[{"href":"https:\/\/plazajuarez.mx\/historico\/wp-json\/wp\/v2\/posts"}],"about":[{"href":"https:\/\/plazajuarez.mx\/historico\/wp-json\/wp\/v2\/types\/post"}],"author":[{"embeddable":true,"href":"https:\/\/plazajuarez.mx\/historico\/wp-json\/wp\/v2\/users\/81"}],"replies":[{"embeddable":true,"href":"https:\/\/plazajuarez.mx\/historico\/wp-json\/wp\/v2\/comments?post=113383"}],"version-history":[{"count":0,"href":"https:\/\/plazajuarez.mx\/historico\/wp-json\/wp\/v2\/posts\/113383\/revisions"}],"wp:attachment":[{"href":"https:\/\/plazajuarez.mx\/historico\/wp-json\/wp\/v2\/media?parent=113383"}],"wp:term":[{"taxonomy":"category","embeddable":true,"href":"https:\/\/plazajuarez.mx\/historico\/wp-json\/wp\/v2\/categories?post=113383"},{"taxonomy":"post_tag","embeddable":true,"href":"https:\/\/plazajuarez.mx\/historico\/wp-json\/wp\/v2\/tags?post=113383"}],"curies":[{"name":"wp","href":"https:\/\/api.w.org\/{rel}","templated":true}]}}