{"id":113325,"date":"2020-06-03T06:00:00","date_gmt":"2020-06-03T11:00:00","guid":{"rendered":"https:\/\/plazajuarez.mx\/?p=113325"},"modified":"2020-06-02T22:04:03","modified_gmt":"2020-06-03T03:04:03","slug":"el-dia-sonado-de-cristiano-y-la-reedicion-ante-el-stade-reims","status":"publish","type":"post","link":"https:\/\/plazajuarez.mx\/historico\/el-dia-sonado-de-cristiano-y-la-reedicion-ante-el-stade-reims\/","title":{"rendered":"El d\u00eda so\u00f1ado de Cristiano y la reedici\u00f3n ante el Stade Reims"},"content":{"rendered":"\n<ul class=\"wp-block-list\"><li><strong>Ni la tierra del estadio Inonu de Estambul, ni la resistencia del Wiener, ni la pujanza del Atl\u00e9tico de Madrid impidieron que por primera vez en la historia se repitiera una final de la Copa de Europa.<\/strong><\/li><\/ul>\n\n\n\n<!--more-->\n\n\n\n<p>El 3 de junio es fecha de celebraci\u00f3n para el madridismo, a cuya memoria regresan las conquistas de dos Copas de Europa, la cuarta, en el segundo cap\u00edtulo de la final ante el Stade Reims; y la duod\u00e9cima con exhibici\u00f3n de poder\u00edo frente al Juventus, de un Real Madrid que convert\u00eda en leyenda una generaci\u00f3n liderada por Cristiano Ronaldo.\u00a0<\/p>\n\n\n\n<p>Ni la tierra del estadio Inonu de Estambul, ni la resistencia del Wienner, ni la pujanza del Atl\u00e9tico de Madrid impidieron que por primera vez en la historia se repitiera una final de la Copa de Europa.&nbsp;<\/p>\n\n\n\n<p>El Real Madrid, rey de la competici\u00f3n, y el Stade Reims, su primera v\u00edctima en la lucha por el t\u00edtulo, volvieron a verse las caras en pos de la corona hace 61 a\u00f1os, el 3 de junio de 1959. Esta vez el escenario fue el Neckarstadion de Stuttgart.&nbsp;<\/p>\n\n\n\n<p>Si en la edici\u00f3n inicial del m\u00e1ximo torneo continental el conjunto madridista se llev\u00f3 el cetro por 4-3, esta vez lo consigui\u00f3 con un 2-0, sin gran brillantez pero la solvencia de su superioridad para confirmar su hegemon\u00eda y hasta tiran\u00eda. No pudieron los galos, liderados en esta oportunidad por Just Fontaine, tomarse la revancha. Enrique Mateos no les dio opci\u00f3n alguna al abrir el partido con un tanto en los primeros compases.&nbsp;<\/p>\n\n\n\n<p>Luego incluso tuvo un penalti para ampliar el marcador pero se lo detuvo Dominique Colonna e incluso Raymond Kopa se tuvo que retirar lesionado tras una dura entrada de Jean Vincent. Alfredo di St\u00e9fano, uno de los destacados junto a Jos\u00e9 Emilio Santamar\u00eda y Paco Gento, sell\u00f3 el resultado definitivo al inicio del segundo periodo.&nbsp;<\/p>\n\n\n\n<p>Luis Carniglia aline\u00f3 a Dom\u00ednguez, Marquitos, Santamar\u00eda, Z\u00e1rraga, Santisteban, Ruiz, Mateos, Kopa, Rial, Di St\u00e9fano y Gento. Puskas, el h\u00e9roe de la semifinal, lesionado, fue el gran ausente. El Real Madrid, pese a su inferioridad durante 53 minutos por la lesi\u00f3n de Kopa, crey\u00f3 mucho m\u00e1s. &#8220;Sois cojonudos&#8221;, dijo despu\u00e9s Santiago Bernab\u00e9u a sus jugadores en el vestuario tras la conquista de la cuarta. No hubo revancha. La racha blanca continuaba.&nbsp;<\/p>\n\n\n\n<p>58 a\u00f1os separaron ambas conquistas. De la cuarta a la duod\u00e9cima. Del liderazgo de Di St\u00e9fano al de Cristiano Ronaldo. El portugu\u00e9s firm\u00f3 la mejor de sus finales de Liga de Campeones el 3 de junio de 2017. La fecha pasaba a ser hist\u00f3rica porque el Real Madrid se convert\u00eda en el primer club que reeditaba t\u00edtulo desde el cambio de nomenclatura de la competici\u00f3n m\u00e1s prestigiosa del mundo a nivel de clubes.&nbsp;<\/p>\n\n\n\n<p>En el Millennium Stadium de Cardiff se engrandeci\u00f3 la leyenda del rey de Europa ante el poderoso club italiano. Un equipo que quer\u00eda bajar del trono al Real Madrid con la leyenda Buffon en su porter\u00eda, el poder\u00edo defensivo que destroz\u00f3 Ronaldo de Bonucci y Chiellini, m\u00e1s la calidad de jugadores como Pjanic, Dani Alves, Dybala, Mandzukic o la deseada &#8216;vendetta&#8217; de Gonzalo Higua\u00edn.&nbsp;<\/p>\n\n\n\n<p>Pero no hubo opciones en el c\u00e9sped pese a la exigencia que impuso el Juventus en un duelo de estilos que se sostuvo s\u00f3lo el primer acto, cuando interven\u00eda Keylor Navas para el Real Madrid. La mejor defensa de Europa, la italiana, se caer\u00eda en la final. A los veinte minutos recib\u00eda el primer golpe con un latigazo de derecha ajustado de Cristiano que le convert\u00eda en el primer jugador que marcaba en tres finales. Siempre fiel a su cita con la historia.&nbsp;<\/p>\n\n\n\n<p>Solo un golazo de tijera de Mandzukic mantuvo la emoci\u00f3n hasta una exhibici\u00f3n madridista en el segundo acto. Con Modric e Isco imponiendo su criterio con el bal\u00f3n y la figura dominante de Casemiro a\u00f1adiendo gol a su repertorio en el centro del campo. Desde 30 metros chut\u00f3 y se ali\u00f3 con la fortuna en un disparo que desvi\u00f3 un rival a la hora de partido. En tres minutos se acab\u00f3 la final. Cristiano mostraba su olfato goleador con el doblete y en pleno \u00e9xtasis a\u00fan hubo tiempo para que Marco Asensio cerrase la goleada (4-1).&nbsp;<\/p>\n\n\n\n<p>Era la tercera &#8216;Champions&#8217; en cuatro ediciones. La segunda consecutiva de las tres que firmar\u00eda el Real Madrid con Zinedine Zidane al mando, en un dominio abrumador del f\u00fatbol moderno.<\/p>\n","protected":false},"excerpt":{"rendered":"<p>Ni la tierra del estadio Inonu de Estambul, ni la resistencia del Wiener, ni la pujanza del Atl\u00e9tico de Madrid impidieron que por primera vez en la historia se repitiera una final de la Copa de Europa.<\/p>\n","protected":false},"author":80,"featured_media":0,"comment_status":"closed","ping_status":"open","sticky":false,"template":"","format":"standard","meta":{"footnotes":""},"categories":[39],"tags":[408],"class_list":["post-113325","post","type-post","status-publish","format-standard","hentry","category-deportiva","tag-cristiano"],"_links":{"self":[{"href":"https:\/\/plazajuarez.mx\/historico\/wp-json\/wp\/v2\/posts\/113325","targetHints":{"allow":["GET"]}}],"collection":[{"href":"https:\/\/plazajuarez.mx\/historico\/wp-json\/wp\/v2\/posts"}],"about":[{"href":"https:\/\/plazajuarez.mx\/historico\/wp-json\/wp\/v2\/types\/post"}],"author":[{"embeddable":true,"href":"https:\/\/plazajuarez.mx\/historico\/wp-json\/wp\/v2\/users\/80"}],"replies":[{"embeddable":true,"href":"https:\/\/plazajuarez.mx\/historico\/wp-json\/wp\/v2\/comments?post=113325"}],"version-history":[{"count":0,"href":"https:\/\/plazajuarez.mx\/historico\/wp-json\/wp\/v2\/posts\/113325\/revisions"}],"wp:attachment":[{"href":"https:\/\/plazajuarez.mx\/historico\/wp-json\/wp\/v2\/media?parent=113325"}],"wp:term":[{"taxonomy":"category","embeddable":true,"href":"https:\/\/plazajuarez.mx\/historico\/wp-json\/wp\/v2\/categories?post=113325"},{"taxonomy":"post_tag","embeddable":true,"href":"https:\/\/plazajuarez.mx\/historico\/wp-json\/wp\/v2\/tags?post=113325"}],"curies":[{"name":"wp","href":"https:\/\/api.w.org\/{rel}","templated":true}]}}