{"id":113323,"date":"2020-06-03T06:00:00","date_gmt":"2020-06-03T11:00:00","guid":{"rendered":"https:\/\/plazajuarez.mx\/?p=113323"},"modified":"2020-06-02T21:56:38","modified_gmt":"2020-06-03T02:56:38","slug":"hay-apoyo-contra-el-racismo","status":"publish","type":"post","link":"https:\/\/plazajuarez.mx\/historico\/hay-apoyo-contra-el-racismo\/","title":{"rendered":"Hay apoyo contra el racismo"},"content":{"rendered":"\n<ul class=\"wp-block-list\"><li><strong>Varias estrellas de esas casas disqueras se han unido a la jornada y han condenado cualquier acto discriminatorio<\/strong><\/li><\/ul>\n\n\n\n<!--more-->\n\n\n\n<p>Las principales casas disqueras de m\u00fasica latina, as\u00ed como sus artistas m\u00e1s relevantes, anunciaron este lunes su apoyo a las manifestaciones contra el racismo y la brutalidad policial en EE.UU. e informaron que se sumar\u00e1n a la jornada de protesta denominada &#8220;Black Out Tuesday&#8221;.<\/p>\n\n\n\n<p>Seg\u00fan una comunicaci\u00f3n conjunta, Def Jam Recordings, Island Records, Warner Music Group, Capitol Records, Sony Music, Universal Music, Interscope y sus filiales latinas suspender\u00e1n este martes sus operaciones tras la ola de indignaci\u00f3n que ha causado la muerte a manos de polic\u00edas del afroamericano George Floyd.<\/p>\n\n\n\n<p>El &#8220;Black Out Tuesday&#8221; es una iniciativa de la organizaci\u00f3n &#8220;The Show Must Be Paused&#8221; (El show debe detenerse), que busca resaltar la influencia negra en la industria de la m\u00fasica, &#8220;que por a\u00f1os se ha aprovechado y beneficiado de la cultura afro&#8221;.<\/p>\n\n\n\n<p>En la misma l\u00ednea, varias de las principales estrellas de esas casas disqueras se han unido a la jornada y han condenado el asesinato de Floyd.<\/p>\n\n\n\n<p>Otras estrellas como Aimee Nuviola, Amaury Nolasco, Ricky Martin, Jennifer L\u00f3pez, Kany Garc\u00eda, Luis Fonsi, Carla Morrison, Natti Natasha, Sof\u00eda Reyes, Kat de Luna, Jackie Cruz, Pepe Aguilar y Pedro Cap\u00f3 tambi\u00e9n usaron sus redes sociales para condenar el racismo en general.<\/p>\n","protected":false},"excerpt":{"rendered":"<p>Varias estrellas de esas casas disqueras se han unido a la jornada y han condenado cualquier acto discriminatorio<\/p>\n","protected":false},"author":80,"featured_media":0,"comment_status":"closed","ping_status":"open","sticky":false,"template":"","format":"standard","meta":{"footnotes":""},"categories":[1],"tags":[382],"class_list":["post-113323","post","type-post","status-publish","format-standard","hentry","category-uncategorized","tag-racismo"],"_links":{"self":[{"href":"https:\/\/plazajuarez.mx\/historico\/wp-json\/wp\/v2\/posts\/113323","targetHints":{"allow":["GET"]}}],"collection":[{"href":"https:\/\/plazajuarez.mx\/historico\/wp-json\/wp\/v2\/posts"}],"about":[{"href":"https:\/\/plazajuarez.mx\/historico\/wp-json\/wp\/v2\/types\/post"}],"author":[{"embeddable":true,"href":"https:\/\/plazajuarez.mx\/historico\/wp-json\/wp\/v2\/users\/80"}],"replies":[{"embeddable":true,"href":"https:\/\/plazajuarez.mx\/historico\/wp-json\/wp\/v2\/comments?post=113323"}],"version-history":[{"count":0,"href":"https:\/\/plazajuarez.mx\/historico\/wp-json\/wp\/v2\/posts\/113323\/revisions"}],"wp:attachment":[{"href":"https:\/\/plazajuarez.mx\/historico\/wp-json\/wp\/v2\/media?parent=113323"}],"wp:term":[{"taxonomy":"category","embeddable":true,"href":"https:\/\/plazajuarez.mx\/historico\/wp-json\/wp\/v2\/categories?post=113323"},{"taxonomy":"post_tag","embeddable":true,"href":"https:\/\/plazajuarez.mx\/historico\/wp-json\/wp\/v2\/tags?post=113323"}],"curies":[{"name":"wp","href":"https:\/\/api.w.org\/{rel}","templated":true}]}}