{"id":11331,"date":"2015-09-28T13:47:24","date_gmt":"2015-09-28T13:47:24","guid":{"rendered":"http:\/\/plazajuarez.mx\/index\/index.php\/2015\/09\/28\/onu-reconoce-medidas-anunciadas-por-epn-en-caso-ayotzinapa\/"},"modified":"2015-09-28T13:47:24","modified_gmt":"2015-09-28T13:47:24","slug":"onu-reconoce-medidas-anunciadas-por-epn-en-caso-ayotzinapa","status":"publish","type":"post","link":"https:\/\/plazajuarez.mx\/historico\/onu-reconoce-medidas-anunciadas-por-epn-en-caso-ayotzinapa\/","title":{"rendered":"ONU reconoce medidas anunciadas por EPN en caso Ayotzinapa"},"content":{"rendered":"<p>AL CUMPLIRSE UN A\u00d1O DE LA DESAPARICI\u00d3N\u00a0\u00a0\u00a0 <br \/>Reconoci\u00f3 la importancia de las medidas anunciadas por el Presidente de M\u00e9xico en la reuni\u00f3n que sostuvo con los padres y hace votos para que \u00e9stas coadyuven al total esclarecimiento de los hechos <\/p>\n<p>  <!--more-->  <\/p>\n<p>M\u00c9XICO, D.F.- Al cumplirse un a\u00f1o de la desaparici\u00f3n de 43 estudiantes normalistas de la escuela \u201cIsidro Burgos\u201d, de Ayotzinapa, Guerrero, el Sistema de Naciones Unidas en M\u00e9xico reconoci\u00f3 la importancia de las medidas anunciadas por el Presidente de M\u00e9xico en la reuni\u00f3n que sostuvo con los padres y hace votos para que \u00e9stas coadyuven al total esclarecimiento de los hechos. <br \/>Dijo que la ONU en M\u00e9xico comparte el mismo objetivo que el presidente Enrique Pe\u00f1a Nieto y su gobierno en el sentido de mantener el di\u00e1logo con las familias de las v\u00edctimas, encontrar la verdad de lo ocurrido para que se haga justicia y reparar a las v\u00edctimas. <br \/>Para la consecuci\u00f3n de esa meta, la ONU en M\u00e9xico reiter\u00f3 su plena disponibilidad para seguir colaborando con el Estado Mexicano, se\u00f1ala en un comunicado de prensa. <br \/>El organismo internacional dijo que destaca la importancia de la celebraci\u00f3n de una segunda reuni\u00f3n entre el presidente de M\u00e9xico, Enrique Pe\u00f1a Nieto, y los padres y familiares de los estudiantes desaparecidos, en el Museo Tecnol\u00f3gico de la Ciudad de M\u00e9xico el pasado 24 de septiembre, en presencia de los miembros del Grupo Interdisciplinario de Expertos Independientes (GIEI), establecido por la Comisi\u00f3n Interamericana de Derechos Humanos, a solicitud del propio Gobierno y los interesados. <br \/>Asegur\u00f3 que en ese encuentro el Presidente de M\u00e9xico reiter\u00f3 que la investigaci\u00f3n contin\u00faa abierta y se profundizar\u00e1 incorporando las recomendaciones y l\u00edneas de investigaci\u00f3n que ha propuesto el GIEI. <br \/>Atendiendo estas recomendaciones, la Procuradur\u00eda General de la Rep\u00fablica integrar\u00e1 un equipo de peritos, del m\u00e1s alto nivel, para analizar los hechos ocurridos en el basurero de Cocula. <br \/>Asimismo, establecer\u00e1 una Fiscal\u00eda Especializada para la B\u00fasqueda de Personas Desaparecidas. La Secretar\u00eda de Gobernaci\u00f3n asegurar\u00e1 que todas las v\u00edctimas y afectados por estos sucesos accedan a los mecanismos de atenci\u00f3n a v\u00edctimas y atenci\u00f3n m\u00e9dica. <br \/>Frente a estos compromisos, el Sistema de Naciones Unidas en M\u00e9xico reconoce la importancia de las medidas anunciadas por el Presidente en dicha reuni\u00f3n. (Agencias)<\/p>\n","protected":false},"excerpt":{"rendered":"<p>AL CUMPLIRSE UN A\u00d1O DE LA DESAPARICI\u00d3N\u00a0\u00a0\u00a0 Reconoci\u00f3 la importancia de las medidas anunciadas por el Presidente de M\u00e9xico en la reuni\u00f3n que sostuvo con los padres y hace votos para que \u00e9stas coadyuven al total esclarecimiento de los hechos<\/p>\n","protected":false},"author":93,"featured_media":0,"comment_status":"open","ping_status":"open","sticky":false,"template":"","format":"standard","meta":{"footnotes":""},"categories":[36],"tags":[],"class_list":["post-11331","post","type-post","status-publish","format-standard","hentry","category-nacion"],"_links":{"self":[{"href":"https:\/\/plazajuarez.mx\/historico\/wp-json\/wp\/v2\/posts\/11331","targetHints":{"allow":["GET"]}}],"collection":[{"href":"https:\/\/plazajuarez.mx\/historico\/wp-json\/wp\/v2\/posts"}],"about":[{"href":"https:\/\/plazajuarez.mx\/historico\/wp-json\/wp\/v2\/types\/post"}],"author":[{"embeddable":true,"href":"https:\/\/plazajuarez.mx\/historico\/wp-json\/wp\/v2\/users\/93"}],"replies":[{"embeddable":true,"href":"https:\/\/plazajuarez.mx\/historico\/wp-json\/wp\/v2\/comments?post=11331"}],"version-history":[{"count":0,"href":"https:\/\/plazajuarez.mx\/historico\/wp-json\/wp\/v2\/posts\/11331\/revisions"}],"wp:attachment":[{"href":"https:\/\/plazajuarez.mx\/historico\/wp-json\/wp\/v2\/media?parent=11331"}],"wp:term":[{"taxonomy":"category","embeddable":true,"href":"https:\/\/plazajuarez.mx\/historico\/wp-json\/wp\/v2\/categories?post=11331"},{"taxonomy":"post_tag","embeddable":true,"href":"https:\/\/plazajuarez.mx\/historico\/wp-json\/wp\/v2\/tags?post=11331"}],"curies":[{"name":"wp","href":"https:\/\/api.w.org\/{rel}","templated":true}]}}