{"id":113230,"date":"2020-06-02T06:00:00","date_gmt":"2020-06-02T11:00:00","guid":{"rendered":"https:\/\/plazajuarez.mx\/?p=113230"},"modified":"2020-06-01T21:43:20","modified_gmt":"2020-06-02T02:43:20","slug":"terlenka-14","status":"publish","type":"post","link":"https:\/\/plazajuarez.mx\/historico\/terlenka-14\/","title":{"rendered":"Terlenka"},"content":{"rendered":"\n<p><strong>Carmelo y la izquierda<\/strong><\/p>\n\n\n\n<p><strong>Por: Guillermo Fadanelli<\/strong><\/p>\n\n\n\n<!--more-->\n\n\n\n<p>&#8220;\u00bfY usted para qu\u00e9 quiere vivir?&#8221;, no me pareci\u00f3 una mala pregunta, menos a\u00fan en estos tiempos de mucho ruido y pocas muertes. La pregunta no me fue lanzada a m\u00ed, sino a otra persona de menor edad que la m\u00eda y totalmente preocupada por su salud, su higiene, su futuro. Llamemos a esta persona &#8220;Carmelo&#8221; para fines narrativos. <\/p>\n\n\n\n<p>Carmelo se enred\u00f3 en un sinn\u00famero de explicaciones que involucraban a su familia, sus proyectos y hasta una perrita sali\u00f3 a relucir en su alegato. Vaya si ten\u00eda razones para vivir el se\u00f1or Carmelo; ante tal respuesta me sent\u00ed profundamente avergonzado, pues si hubiera sido yo el receptor del cuestionamiento no habr\u00eda sabido qu\u00e9 responder. <\/p>\n\n\n\n<p>Podr\u00eda haber aludido al sexo, a los placeres mundanos y a la literatura como finalidades deseables de la vida, pero creo que al respecto he estado m\u00e1s que satisfecho y, por mero pudor, no ampliar\u00e9 demasiado el tema. En todo caso, lo que un servidor habr\u00eda contestado a la pregunta que abre esta columna es: vivo por pura pulsi\u00f3n animal, sin finalidad alguna y yo mismo no s\u00e9 por qu\u00e9 tomo un camino en lugar de otro. Sin embargo, a diferencia del se\u00f1or Carmelo, habr\u00eda sido tildado de loco por mi inquisidor y mi argumento desechado de inmediato.<\/p>\n\n\n\n<p> Con respecto al bien social \u2014como meta para continuar viviendo\u2014 me encuentro un tanto harto de lo civil porque un par de golondrinas no hace verano y, adem\u00e1s, considero que la mayor\u00eda de mis contempor\u00e1neos no son veh\u00edculo de ninguna evoluci\u00f3n social venidera. <\/p>\n\n\n\n<p>Tendr\u00eda que aguardar varias vidas para distinguir algunas se\u00f1ales de humanidad en ellos, tal como esperara Giambattista Vico quien, pese a escribir la Ciencia nueva a principios del siglo XVIII \u2014una obra que anuncia el relativismo, la hermen\u00e9utica y la ling\u00fc\u00edstica de los siglos venideros\u2014 fue despreciado y olvidado medio siglo hasta ser de nuevo rele\u00eddo y considerado. Al menos varios escritores sabemos que no crearemos nada trascendental o &#8220;maravilloso&#8221;, pues el dominio de las letras se ha estrechado y eso supone un alivio trascendental. Un Vico por cada tres siglos.<\/p>\n\n\n\n<p>Cuando escucho a alguien afirmar que los conceptos de izquierda o derecha (en ideolog\u00eda \u00e9tica y pol\u00edtica) carecen de sentido o est\u00e1n caducos, pues me desanimo y muevo la cabeza de un lado a otro en se\u00f1al de resignaci\u00f3n. Se dice esto con tanta autoridad que hasta los perros comienzan a ladrar (hoy tambi\u00e9n los p\u00e1jaros ladran). <\/p>\n\n\n\n<p>Es obvio que cualquier concepto tiene sentido si uno lo puede situar, explicar, desmenuzar, comparar, poner en entredicho y actualizar. Nadie tendr\u00eda que darse el lujo de andar exclamando por all\u00ed que la izquierda no existe y luego, en vez de ofrecer precisiones, teor\u00edas e historia nos lance al rostro an\u00e9cdotas y vaguedades.<\/p>\n\n\n\n<p> Les voy a ofrecer la \u00fanica prueba que poseo de que el horizonte que la izquierda ha dibujado desde hace al menos dos siglos sigue vivo: yo mismo. Recuerdo que mi padre \u2014que entre tantos oficios trabaj\u00f3 en Tabasco como explorador de mantos petroleros para Pemex, y antes fue secretario de acci\u00f3n pol\u00edtica de los tranviarios de M\u00e9xico\u2014, me provocaba durante las comidas dominicales en la casa de Villa Coapa. \u00bfC\u00f3mo lo hac\u00eda? Atacaba a Jos\u00e9 Luis Cuevas, a Cuauht\u00e9moc C\u00e1rdenas, a Monsiv\u00e1is, al CEU, y en sus \u00faltimos d\u00edas a L\u00f3pez Obrador.<\/p>\n","protected":false},"excerpt":{"rendered":"<p>Carmelo y la izquierda Por: Guillermo Fadanelli<\/p>\n","protected":false},"author":81,"featured_media":0,"comment_status":"closed","ping_status":"open","sticky":false,"template":"","format":"standard","meta":{"footnotes":""},"categories":[41],"tags":[],"class_list":["post-113230","post","type-post","status-publish","format-standard","hentry","category-arteria-cultural"],"_links":{"self":[{"href":"https:\/\/plazajuarez.mx\/historico\/wp-json\/wp\/v2\/posts\/113230","targetHints":{"allow":["GET"]}}],"collection":[{"href":"https:\/\/plazajuarez.mx\/historico\/wp-json\/wp\/v2\/posts"}],"about":[{"href":"https:\/\/plazajuarez.mx\/historico\/wp-json\/wp\/v2\/types\/post"}],"author":[{"embeddable":true,"href":"https:\/\/plazajuarez.mx\/historico\/wp-json\/wp\/v2\/users\/81"}],"replies":[{"embeddable":true,"href":"https:\/\/plazajuarez.mx\/historico\/wp-json\/wp\/v2\/comments?post=113230"}],"version-history":[{"count":0,"href":"https:\/\/plazajuarez.mx\/historico\/wp-json\/wp\/v2\/posts\/113230\/revisions"}],"wp:attachment":[{"href":"https:\/\/plazajuarez.mx\/historico\/wp-json\/wp\/v2\/media?parent=113230"}],"wp:term":[{"taxonomy":"category","embeddable":true,"href":"https:\/\/plazajuarez.mx\/historico\/wp-json\/wp\/v2\/categories?post=113230"},{"taxonomy":"post_tag","embeddable":true,"href":"https:\/\/plazajuarez.mx\/historico\/wp-json\/wp\/v2\/tags?post=113230"}],"curies":[{"name":"wp","href":"https:\/\/api.w.org\/{rel}","templated":true}]}}