{"id":113156,"date":"2020-06-02T06:00:00","date_gmt":"2020-06-02T11:00:00","guid":{"rendered":"https:\/\/plazajuarez.mx\/?p=113156"},"modified":"2020-06-01T21:49:56","modified_gmt":"2020-06-02T02:49:56","slug":"amplian-registro-para-el-pacmyc","status":"publish","type":"post","link":"https:\/\/plazajuarez.mx\/historico\/amplian-registro-para-el-pacmyc\/","title":{"rendered":"Ampl\u00edan registro para el PACMyC"},"content":{"rendered":"\n<ul class=\"wp-block-list\"><li><strong>La fecha l\u00edmite es el 30 de junio<\/strong><\/li><\/ul>\n\n\n\n<!--more-->\n\n\n\n<p>El gobierno del estado de Hidalgo, a trav\u00e9s de la Secretar\u00eda de Cultura inform\u00f3 la ampliaci\u00f3n para el registro del Programa de Acciones Culturales Multiling\u00fces y Comunitarias (PACMyC) 2020 hasta el pr\u00f3ximo 30 de junio.<\/p>\n\n\n\n<p>Lo anterior, con el objetivo de atender y apoyar a los gestores, promotores y creadores culturales, inform\u00f3 Cultura Hidalgo a trav\u00e9s de sus redes sociales.<\/p>\n\n\n\n<p>Acerca del PACMyC, este otorgar\u00e1 un apoyo econ\u00f3mico para cada una de las intervenciones seleccionadas hasta por 40 mil pesos como monto m\u00e1ximo, as\u00ed como para proyectos culturales de hasta por 100 mil pesos, para cada uno de los seleccionados en cada una de las categor\u00edas, las cuales se pueden consultar por medio de la convocatoria del programa.<\/p>\n\n\n\n<p>Las personas interesadas en participar de esta convocatoria, deber\u00e1n inscribir su proyecto a trav\u00e9s del correo: <a href=\"mailto:dg.artepopulareindigena@hidalgo.gob.mx\">dg.artepopulareindigena@hidalgo.gob.mx<\/a> en tanto termina la contingencia sanitaria, para realizar su registro.<\/p>\n\n\n\n<p>Del mismo modo, podr\u00e1n enviar su documento de inscripci\u00f3n a trav\u00e9s de correo postal, a la direcci\u00f3n Viaducto R\u00edo de las Avenidas, n\u00famero 200, colonia Periodistas en la ciudad de Pachuca de Soto, Hidalgo, C\u00f3digo Postal 42060.<\/p>\n","protected":false},"excerpt":{"rendered":"<p>La fecha l\u00edmite es el 30 de junio<\/p>\n","protected":false},"author":93,"featured_media":0,"comment_status":"closed","ping_status":"open","sticky":false,"template":"","format":"standard","meta":{"footnotes":""},"categories":[59],"tags":[],"class_list":["post-113156","post","type-post","status-publish","format-standard","hentry","category-general"],"_links":{"self":[{"href":"https:\/\/plazajuarez.mx\/historico\/wp-json\/wp\/v2\/posts\/113156","targetHints":{"allow":["GET"]}}],"collection":[{"href":"https:\/\/plazajuarez.mx\/historico\/wp-json\/wp\/v2\/posts"}],"about":[{"href":"https:\/\/plazajuarez.mx\/historico\/wp-json\/wp\/v2\/types\/post"}],"author":[{"embeddable":true,"href":"https:\/\/plazajuarez.mx\/historico\/wp-json\/wp\/v2\/users\/93"}],"replies":[{"embeddable":true,"href":"https:\/\/plazajuarez.mx\/historico\/wp-json\/wp\/v2\/comments?post=113156"}],"version-history":[{"count":0,"href":"https:\/\/plazajuarez.mx\/historico\/wp-json\/wp\/v2\/posts\/113156\/revisions"}],"wp:attachment":[{"href":"https:\/\/plazajuarez.mx\/historico\/wp-json\/wp\/v2\/media?parent=113156"}],"wp:term":[{"taxonomy":"category","embeddable":true,"href":"https:\/\/plazajuarez.mx\/historico\/wp-json\/wp\/v2\/categories?post=113156"},{"taxonomy":"post_tag","embeddable":true,"href":"https:\/\/plazajuarez.mx\/historico\/wp-json\/wp\/v2\/tags?post=113156"}],"curies":[{"name":"wp","href":"https:\/\/api.w.org\/{rel}","templated":true}]}}