{"id":113155,"date":"2020-06-02T06:00:00","date_gmt":"2020-06-02T11:00:00","guid":{"rendered":"https:\/\/plazajuarez.mx\/?p=113155"},"modified":"2020-06-01T21:50:33","modified_gmt":"2020-06-02T02:50:33","slug":"numeros-claros-24","status":"publish","type":"post","link":"https:\/\/plazajuarez.mx\/historico\/numeros-claros-24\/","title":{"rendered":"N\u00fameros Claros"},"content":{"rendered":"\n<p><strong>Desprecio de Donald Trump por la vida y los organismos internacionales<\/strong><\/p>\n\n\n\n<!--more-->\n\n\n\n<p>Siempre habr\u00e1 que hablar de los Estados Unidos, si no es porque invadi\u00f3 un pa\u00eds, es porque rompe con el libre comercio e inicia una guerra comercial contra China o porque se convierte en el primer lugar mundial en contagios y muertos por el Covid-19, al llegar a 1,842,883 infectados y 106,323 muertos. Pero en este \u00faltimo tema, como sucede en el f\u00fatbol, Estados Unidos no pod\u00eda estar a la cabeza sin que Brasil diera la pelea; por lo cual, gracias al desprecio al pueblo brasile\u00f1o de su presidente, Jair Bolsonaro, este pa\u00eds ocupa hoy el segundo lugar en contagios, con 514 mil 992, y cuarto en muertes, detr\u00e1s de los Estados Unidos, Reino Unido e Italia.<\/p>\n\n\n\n<p>Pero quiz\u00e1 porque los polic\u00edas de los Estados Unidos y su presidente, Donald Trump, est\u00e1n hartos de hablar de Covid-19, decidieron desenterrar la espada del racismo y darle al planeta un nuevo tema de que hablar de su pa\u00eds, al propiciar la muerte por asfixia de un afrodescendiente frente a los ojos de todos. Pero el brillante presidente de los Estados Unidos, en la gloria de su presidencia no quiere detenerse a debatir con el mundo sobre derechos humanos o sobre la pandemia del coronavirus, as\u00ed que este lunes ha preferido enfocarse en los temas internacionales.<\/p>\n\n\n\n<p>As\u00ed que, Donald Trump ha anunciado el aplazamiento de la Cumbre del Grupo de los 7 (G7), pas\u00f3 a confirmar el colapso definitivo de las relaciones de los Estados Unidos con la Organizaci\u00f3n Mundial de la Salud (OMS), acusada de ser una organizaci\u00f3n pro china y cubana, mientras anunciaba la reducci\u00f3n de las ventajas comerciales otorgadas a Hong Kong, dentro de una guerra abierta contra China. Sin duda alguna, este presidente quiere ser recordado por la historia, tanto como Hitler y quiere que los medios no dejen de hablar de \u00e9l un solo d\u00eda.<\/p>\n\n\n\n<p>De esta forma, el presidente Donald Trump est\u00e1 hoy en todos los frentes y es objeto de todas las cr\u00edticas. Hoy el coronavirus y las protestas en su pa\u00eds contra el racismo, son solo un tema de muchos que intenta manejar con pleno desprecio sobre el resto del mundo; \u00e9l se siente el due\u00f1o de los destinos de la humanidad, de los temas que deben discutirse en los foros internacionales y del curso de la historia del planeta.<\/p>\n\n\n\n<p>De este modo, los medios internacionales dan cuenta de c\u00f3mo los pa\u00edses industrializados fueron tomados por sorpresa al decidir, unilateralmente, posponer la reuni\u00f3n del G7, sin ning\u00fan protocolo previo para concertar la cancelaci\u00f3n de una reuni\u00f3n que se efectuar\u00eda en junio en los Estados Unidos. Evidentemente, la negativa de la Canciller alemana Angela Merkel, la posici\u00f3n del primer ministro de Canad\u00e1, Justin Trudeau, de trasladarse a los Estados Unidos por razones de salud, recordemos que estuvo afectado por el Covid-19, hicieron que el presidente Trump actuara por su cuenta.<\/p>\n\n\n\n<p>Por ahora, el nuevo amo del G7 y del G20, al que pertenece M\u00e9xico, no ha dado una nueva fecha para la Cumbre. El presidente estadounidense ha propuesto extender el G7 a otros pa\u00edses, bajo la creencia que incluye al Reino Unido, Canad\u00e1, Francia, Alemania, Italia, Jap\u00f3n y los Estados Unidos, est\u00e1 fuera de contexto; por lo cual, propone invitar a Australia, la India. Corea del Sur y Rusia, este \u00faltimo pa\u00eds excluido despu\u00e9s de la invasi\u00f3n a Crimea en 2014.<\/p>\n\n\n\n<p>De esta forma, aparece un nuevo amo de la geopol\u00edtica en el mundo. Quien dijo que China hab\u00eda superado en el liderazgo a los Estados Unidos; no es as\u00ed, ah\u00ed est\u00e1 su presidente haciendo cosas descabelladas que nadie imagin\u00f3 posibles, convirtiendo a su pa\u00eds en una enorme tumba para sus ciudadanos v\u00edctimas del Covid-19, saliendo de todos los acuerdos internacionales, como el de Par\u00eds sobre el calentamiento global, el de migraciones, saliendo de la OMS y mandando a todos \u201cdiablo\u201d, burl\u00e1ndose del planeta, de la vida en \u00e9l y de la humanidad.<\/p>\n","protected":false},"excerpt":{"rendered":"<p>Desprecio de Donald Trump por la vida y los organismos internacionales<\/p>\n","protected":false},"author":84,"featured_media":0,"comment_status":"closed","ping_status":"open","sticky":false,"template":"","format":"standard","meta":{"footnotes":""},"categories":[45,42],"tags":[],"class_list":["post-113155","post","type-post","status-publish","format-standard","hentry","category-jose-luis-ortiz-santillan","category-nuestrapalabra"],"_links":{"self":[{"href":"https:\/\/plazajuarez.mx\/historico\/wp-json\/wp\/v2\/posts\/113155","targetHints":{"allow":["GET"]}}],"collection":[{"href":"https:\/\/plazajuarez.mx\/historico\/wp-json\/wp\/v2\/posts"}],"about":[{"href":"https:\/\/plazajuarez.mx\/historico\/wp-json\/wp\/v2\/types\/post"}],"author":[{"embeddable":true,"href":"https:\/\/plazajuarez.mx\/historico\/wp-json\/wp\/v2\/users\/84"}],"replies":[{"embeddable":true,"href":"https:\/\/plazajuarez.mx\/historico\/wp-json\/wp\/v2\/comments?post=113155"}],"version-history":[{"count":0,"href":"https:\/\/plazajuarez.mx\/historico\/wp-json\/wp\/v2\/posts\/113155\/revisions"}],"wp:attachment":[{"href":"https:\/\/plazajuarez.mx\/historico\/wp-json\/wp\/v2\/media?parent=113155"}],"wp:term":[{"taxonomy":"category","embeddable":true,"href":"https:\/\/plazajuarez.mx\/historico\/wp-json\/wp\/v2\/categories?post=113155"},{"taxonomy":"post_tag","embeddable":true,"href":"https:\/\/plazajuarez.mx\/historico\/wp-json\/wp\/v2\/tags?post=113155"}],"curies":[{"name":"wp","href":"https:\/\/api.w.org\/{rel}","templated":true}]}}