{"id":1130,"date":"2015-02-20T06:00:00","date_gmt":"2015-02-20T06:00:00","guid":{"rendered":"http:\/\/plazajuarez.mx\/index\/index.php\/2015\/02\/20\/alemania-rechaza-la-propuesta-griega-para-prorrogar-la-ayuda-financiera\/"},"modified":"2015-02-20T06:00:00","modified_gmt":"2015-02-20T06:00:00","slug":"alemania-rechaza-la-propuesta-griega-para-prorrogar-la-ayuda-financiera","status":"publish","type":"post","link":"https:\/\/plazajuarez.mx\/historico\/alemania-rechaza-la-propuesta-griega-para-prorrogar-la-ayuda-financiera\/","title":{"rendered":"Alemania rechaza la propuesta griega  para prorrogar la ayuda financiera"},"content":{"rendered":"<ul>\n<li><strong><strong>Berl\u00edn cree que la carta de Atenas &#8220;no cumple con lo pactado en el Eurogrupo&#8221;<\/strong><\/strong> <!--more--> <\/li>\n<\/ul>\n<p>Bruselas.- &#8220;Acuerdo m\u00e1ster para facilitar asistencia financiera&#8221;. Ese es el nombre de la criatura. El Gobierno de Grecia envi\u00f3 ayer al Eurogrupo su petici\u00f3n formal de una pr\u00f3rroga de seis meses de la ayuda concedida por los socios europeos, que expira el pr\u00f3ximo 28 de febrero. Tras un tira y afloja plagado de presiones que ha durado dos semanas, el presidente del Eurogrupo (la reuni\u00f3n de ministros de Finanzas del euro), Jeroen Dijsselbloem, anunci\u00f3 la recepci\u00f3n de &#8220;la petici\u00f3n griega de una extensi\u00f3n de seis meses&#8221;, aunque no aclar\u00f3 en qu\u00e9 condiciones pide Atenas esta ampliaci\u00f3n de su pr\u00e9stamo. Hab\u00eda -y hay- problemas sem\u00e1nticos y de sustancia, que el Gobierno de Alexis Tsipras trata de soslayar con ese t\u00edtulo rimbombante. Alemania ya ha rechazado la propuesta.<\/p>\n<p>&#8220;La carta de Atenas no cumple con los criterios acordados en el Eurogrupo el lunes&#8221;, afirm\u00f3 ayer el portavoz del ministro alem\u00e1n de Finanzas, Wolfgang Sch\u00e4uble, en un breve comunicado. &#8220;No es una propuesta sustancial para una soluci\u00f3n. (\u2026) En verdad tiene como objetivo la financiaci\u00f3n puente, sin cumplir los requisitos del programa&#8221;.<\/p>\n<p>La cotizaci\u00f3n del euro, que hab\u00eda recibido la noticia de la propuesta enviada por Atenas con subidas hasta llegar a los 1,145 d\u00f3lares, ha iniciado una bajada vertiginosa tras conocerse la negativa alemana. Poco antes de las dos de la tarde, cada euro se intercambiaba por 1,13 d\u00f3lares. (Agencias)<\/p>\n","protected":false},"excerpt":{"rendered":"<p>Berl\u00edn cree que la carta de Atenas &#8220;no cumple con lo pactado en el Eurogrupo&#8221;<\/p>\n","protected":false},"author":93,"featured_media":0,"comment_status":"open","ping_status":"open","sticky":false,"template":"","format":"standard","meta":{"footnotes":""},"categories":[31],"tags":[],"class_list":["post-1130","post","type-post","status-publish","format-standard","hentry","category-orbe"],"_links":{"self":[{"href":"https:\/\/plazajuarez.mx\/historico\/wp-json\/wp\/v2\/posts\/1130","targetHints":{"allow":["GET"]}}],"collection":[{"href":"https:\/\/plazajuarez.mx\/historico\/wp-json\/wp\/v2\/posts"}],"about":[{"href":"https:\/\/plazajuarez.mx\/historico\/wp-json\/wp\/v2\/types\/post"}],"author":[{"embeddable":true,"href":"https:\/\/plazajuarez.mx\/historico\/wp-json\/wp\/v2\/users\/93"}],"replies":[{"embeddable":true,"href":"https:\/\/plazajuarez.mx\/historico\/wp-json\/wp\/v2\/comments?post=1130"}],"version-history":[{"count":0,"href":"https:\/\/plazajuarez.mx\/historico\/wp-json\/wp\/v2\/posts\/1130\/revisions"}],"wp:attachment":[{"href":"https:\/\/plazajuarez.mx\/historico\/wp-json\/wp\/v2\/media?parent=1130"}],"wp:term":[{"taxonomy":"category","embeddable":true,"href":"https:\/\/plazajuarez.mx\/historico\/wp-json\/wp\/v2\/categories?post=1130"},{"taxonomy":"post_tag","embeddable":true,"href":"https:\/\/plazajuarez.mx\/historico\/wp-json\/wp\/v2\/tags?post=1130"}],"curies":[{"name":"wp","href":"https:\/\/api.w.org\/{rel}","templated":true}]}}