{"id":112940,"date":"2020-06-01T06:00:00","date_gmt":"2020-06-01T11:00:00","guid":{"rendered":"https:\/\/plazajuarez.mx\/?p=112940"},"modified":"2020-05-31T21:24:47","modified_gmt":"2020-06-01T02:24:47","slug":"mas-de-un-ano-despues-la-catedral-de-notre-dame-reabre-su-explanada","status":"publish","type":"post","link":"https:\/\/plazajuarez.mx\/historico\/mas-de-un-ano-despues-la-catedral-de-notre-dame-reabre-su-explanada\/","title":{"rendered":"M\u00e1s de un a\u00f1o despu\u00e9s, la catedral de Notre Dame reabre su explanada"},"content":{"rendered":"\n<ul class=\"wp-block-list\"><li><strong>Las obras se paralizaron el 16 de marzo por precauci\u00f3n sanitaria ante la pandemia y la actividad fue reanudada el pasado 27 de abril<\/strong><\/li><\/ul>\n\n\n\n<!--more-->\n\n\n\n<p>M\u00e1s de un a\u00f1o despu\u00e9s del incendio que provoc\u00f3 el desplome de parte del techo de Notre Dame y de su aguja, la catedral parisina reabri\u00f3 este domingo su explanada, lo que se ve como el primer paso hacia su &#8220;renacimiento&#8221;.<\/p>\n\n\n\n<p>Esa plaza fue cerrada al p\u00fablico justo despu\u00e9s del fuego del 15 de abril de 2019 y la Agencia Regional de Sanidad autoriz\u00f3 su reapertura este pasado viernes, tras considerar que las condiciones sanitarias de la zona volv\u00edan a ser satisfactorias.<\/p>\n\n\n\n<p>Los esfuerzos de las autoridades se hab\u00edan concentrado hasta ahora en controlar la contaminaci\u00f3n por plomo originada por el incendio, que fundi\u00f3 gran parte de las placas de plomo que hab\u00eda sobre el tejado y las disemin\u00f3 por los alrededores en forma de part\u00edculas contaminantes.<\/p>\n\n\n\n<p>El ministro franc\u00e9s de Cultura, Franck Riester; la alcaldesa de Par\u00eds, Anne Hidalgo, el arzobispo de la ciudad, Michel Aupetit, y el general Jean-Louis Georgelin, presidente del organismo p\u00fablico encargado de la restauraci\u00f3n, conmemoraron hoy la reapertura.<\/p>\n\n\n\n<p>&#8220;Es una especie de renacimiento. Hay que seguir siendo prudentes, pero podemos estar contentos. Notre Dame es el alma de Par\u00eds. No deja a nadie indiferente&#8221;, dijo Hidalgo a la prensa.<\/p>\n\n\n\n<p>El per\u00edmetro inmediato de la catedral sigue rodeado por vallas que bloquean los accesos a las obras, pero el p\u00fablico puede pasearse ya de nuevo por esa plaza, que si la pandemia de coronavirus no hubiera irrumpido, deber\u00eda haber estado accesible desde mediados de abril.<\/p>\n\n\n\n<p>&#8220;Ha habido una pausa y ahora volvemos como si no hubiera pasado nada. Aunque est\u00e9 en obras, est\u00e1 bien volver a verla&#8221;, cuenta a EFE Javier, pintor espa\u00f1ol de 42 a\u00f1os.<\/p>\n\n\n\n<p>Las obras se paralizaron el 16 de marzo por precauci\u00f3n sanitaria ante la pandemia y la actividad fue reanudada el pasado 27 de abril.<\/p>\n\n\n\n<p>&#8220;Esta semana se retomar\u00e1 la instalaci\u00f3n de los andamios para poder quitar los que se quemaron. A partir del d\u00eda 8 los avances van a ser m\u00e1s evidentes desde el exterior&#8221;, dijo hoy Georgelin, que mantiene la previsi\u00f3n de que en enero de 2021 pueda comenzar la restauraci\u00f3n en s\u00ed.<\/p>\n\n\n\n<p>En este tiempo solo ha habido dos misas, simb\u00f3licas y con una asistencia muy reducida: en junio, dos meses despu\u00e9s de haber sido devastada por las llamas y coincidiendo con su Fiesta de la Dedicaci\u00f3n, y el pasado 15 de abril, conmemorando un a\u00f1o del incendio.<\/p>\n\n\n\n<p>La reapertura de la explanada hace mantener la esperanza en el objetivo de las autoridades de que la catedral vuelva a acoger a los fieles dentro de cuatro a\u00f1os: &#8220;Es un peque\u00f1o paso hacia 2024. Avanzamos poco a poco&#8221;, se\u00f1al\u00f3 el general.<\/p>\n","protected":false},"excerpt":{"rendered":"<p>Las obras se paralizaron el 16 de marzo por precauci\u00f3n sanitaria ante la pandemia y la actividad fue reanudada el pasado 27 de abril<\/p>\n","protected":false},"author":80,"featured_media":0,"comment_status":"closed","ping_status":"open","sticky":false,"template":"","format":"standard","meta":{"footnotes":""},"categories":[31],"tags":[365],"class_list":["post-112940","post","type-post","status-publish","format-standard","hentry","category-orbe","tag-notre-dame"],"_links":{"self":[{"href":"https:\/\/plazajuarez.mx\/historico\/wp-json\/wp\/v2\/posts\/112940","targetHints":{"allow":["GET"]}}],"collection":[{"href":"https:\/\/plazajuarez.mx\/historico\/wp-json\/wp\/v2\/posts"}],"about":[{"href":"https:\/\/plazajuarez.mx\/historico\/wp-json\/wp\/v2\/types\/post"}],"author":[{"embeddable":true,"href":"https:\/\/plazajuarez.mx\/historico\/wp-json\/wp\/v2\/users\/80"}],"replies":[{"embeddable":true,"href":"https:\/\/plazajuarez.mx\/historico\/wp-json\/wp\/v2\/comments?post=112940"}],"version-history":[{"count":0,"href":"https:\/\/plazajuarez.mx\/historico\/wp-json\/wp\/v2\/posts\/112940\/revisions"}],"wp:attachment":[{"href":"https:\/\/plazajuarez.mx\/historico\/wp-json\/wp\/v2\/media?parent=112940"}],"wp:term":[{"taxonomy":"category","embeddable":true,"href":"https:\/\/plazajuarez.mx\/historico\/wp-json\/wp\/v2\/categories?post=112940"},{"taxonomy":"post_tag","embeddable":true,"href":"https:\/\/plazajuarez.mx\/historico\/wp-json\/wp\/v2\/tags?post=112940"}],"curies":[{"name":"wp","href":"https:\/\/api.w.org\/{rel}","templated":true}]}}