{"id":112938,"date":"2020-06-01T06:00:00","date_gmt":"2020-06-01T11:00:00","guid":{"rendered":"https:\/\/plazajuarez.mx\/?p=112938"},"modified":"2020-05-31T21:28:55","modified_gmt":"2020-06-01T02:28:55","slug":"jugar-en-toluca-contra-italia-fue-un-desaliento-enrique-borja","status":"publish","type":"post","link":"https:\/\/plazajuarez.mx\/historico\/jugar-en-toluca-contra-italia-fue-un-desaliento-enrique-borja\/","title":{"rendered":"Jugar en Toluca contra Italia fue un desaliento: Enrique Borja"},"content":{"rendered":"\n<ul class=\"wp-block-list\"><li><strong>En entrevista, Enrique Borja rememor\u00f3 con cari\u00f1o a sus ex compa\u00f1eros, con quienes comparti\u00f3 concentraciones, entrenamientos y partidos hace medio siglo, en el Mundial del M\u00e9xico 70<\/strong><\/li><\/ul>\n\n\n\n<!--more-->\n\n\n\n<p>La Selecci\u00f3n Mexicana de 1970 debut\u00f3 en la Copa del Mundo con un resultado 0-0 frente a la Uni\u00f3n Sovi\u00e9tica. En aquel combinado, formado hace 50 a\u00f1os por el hist\u00f3rico Ra\u00fal C\u00e1rdenas, estaba complementado por una de las mejores generaciones que ha entregado el futbol nacional.<\/p>\n\n\n\n<p><br>En entrevista, Enrique Borja rememor\u00f3 con cari\u00f1o a sus excompa\u00f1eros, con quienes comparti\u00f3 concentraciones, entrenamientos y partidos hace medio siglo.<\/p>\n\n\n\n<p><br>&#8220;\u00c9ramos un grupo muy unido, con much\u00edsimo talento. Todos est\u00e1bamos orgullosos de representar a nuestro pa\u00eds en su primer Mundial como sede&#8221;, coment\u00f3 el ex delantero.<\/p>\n\n\n\n<p><br>Los 22 jugadores convocados por C\u00e1rdenas fueron: Ignacio Calder\u00f3n, Antonio Mota y Francisco Castrej\u00f3n; Juan Manuel Alej\u00e1ndrez, Gustavo Pe\u00f1a, Francisco Montes, Mario P\u00e9rez, Guillermo Hern\u00e1ndez, Jos\u00e9 Vantolr\u00e1 y Javier Guzm\u00e1n; Marcos Rivas, Antonio Mungu\u00eda, H\u00e9ctor Pulido, Isidoro D\u00edaz, Jos\u00e9 Luis Gonz\u00e1lez y Mario Velarde; el mismo Borja, H\u00e9ctor L\u00f3pez Salgado, Aar\u00f3n Padilla, Javier Valdivia, Juan Ignacio Basaguren y Javier Fragoso.<\/p>\n\n\n\n<p><br>&#8220;Hice muy buenos amigos, algunos ya eran compa\u00f1eros m\u00edos en el Am\u00e9rica o lo hab\u00edan sido en Pumas. Me llevaba de maravilla con mi amigo de toda la vida, Aar\u00f3n Padilla, a quien le mando un abrazo muy fuerte. Nos dedicamos a entrenar, comer y descansar. Nos preparamos much\u00edsimo para el Mundial porque quer\u00edamos hacer un gran papel. Nunca lo vimos como un sacrificio, al contrario, fue un honor representar a M\u00e9xico&#8221;, coment\u00f3 el ex delantero.<\/p>\n\n\n\n<p><br>En el debut, hace exactamente 50 a\u00f1os, la Selecci\u00f3n Nacional igual\u00f3 0-0 con la Uni\u00f3n Sovi\u00e9tica \u2013Borja no tuvo participaci\u00f3n, a pesar de llegar como la figura del Am\u00e9rica, por una disputa personal que tuvo con C\u00e1rdenas\u2013, en el Estadio Azteca.<\/p>\n\n\n\n<p><br>Ese resultado, a pesar de vencer 4-0 a El Salvador y 1-0 a B\u00e9lgica, respectivamente, los dej\u00f3 en el segundo lugar del Grupo 1. Para los cuartos de final, se vieron obligados a salir del Coloso de Santa \u00darsula para enfrentar a Italia en el hoy conocido como Nemesio D\u00edez.<\/p>\n\n\n\n<p><br>Salir de la Ciudad de M\u00e9xico, donde jugaron frente a 108 mil aficionados, pudo perjudicar el desempe\u00f1o del Tricolor, opin\u00f3 Borja.<\/p>\n\n\n\n<p><br>&#8220;A ninguno nos afect\u00f3 estar presionados. Cuando nos gan\u00f3 Italia, fue porque jug\u00f3 muy bien, era un equipazo. No era que no nos gustaba ir a Toluca, sino porque era un estadio m\u00e1s chico y faltaba lo que sab\u00edamos que les pesaba a los otros pa\u00edses, el escenario del Azteca. Un estadio de ese tama\u00f1o y lleno, con gran porcentaje mexicano, era mucho para los rivales&#8221;.<\/p>\n\n\n\n<p><br>Borja asegur\u00f3 que &#8220;todos quer\u00edamos alcanzar algo que parec\u00eda imposible, que era pasar a la siguiente ronda y ganarle a todos los equipos que nos enfrentamos. Sab\u00edamos que ten\u00edamos el respaldo de la gente, pero perdimos ante una gran Italia&#8221;.<\/p>\n","protected":false},"excerpt":{"rendered":"<p>En entrevista, Enrique Borja rememor\u00f3 con cari\u00f1o a sus ex compa\u00f1eros, con quienes comparti\u00f3 concentraciones, entrenamientos y partidos hace medio siglo, en el Mundial del M\u00e9xico 70<\/p>\n","protected":false},"author":81,"featured_media":0,"comment_status":"closed","ping_status":"open","sticky":false,"template":"","format":"standard","meta":{"footnotes":""},"categories":[39],"tags":[],"class_list":["post-112938","post","type-post","status-publish","format-standard","hentry","category-deportiva"],"_links":{"self":[{"href":"https:\/\/plazajuarez.mx\/historico\/wp-json\/wp\/v2\/posts\/112938","targetHints":{"allow":["GET"]}}],"collection":[{"href":"https:\/\/plazajuarez.mx\/historico\/wp-json\/wp\/v2\/posts"}],"about":[{"href":"https:\/\/plazajuarez.mx\/historico\/wp-json\/wp\/v2\/types\/post"}],"author":[{"embeddable":true,"href":"https:\/\/plazajuarez.mx\/historico\/wp-json\/wp\/v2\/users\/81"}],"replies":[{"embeddable":true,"href":"https:\/\/plazajuarez.mx\/historico\/wp-json\/wp\/v2\/comments?post=112938"}],"version-history":[{"count":0,"href":"https:\/\/plazajuarez.mx\/historico\/wp-json\/wp\/v2\/posts\/112938\/revisions"}],"wp:attachment":[{"href":"https:\/\/plazajuarez.mx\/historico\/wp-json\/wp\/v2\/media?parent=112938"}],"wp:term":[{"taxonomy":"category","embeddable":true,"href":"https:\/\/plazajuarez.mx\/historico\/wp-json\/wp\/v2\/categories?post=112938"},{"taxonomy":"post_tag","embeddable":true,"href":"https:\/\/plazajuarez.mx\/historico\/wp-json\/wp\/v2\/tags?post=112938"}],"curies":[{"name":"wp","href":"https:\/\/api.w.org\/{rel}","templated":true}]}}