{"id":112936,"date":"2020-06-01T06:00:00","date_gmt":"2020-06-01T11:00:00","guid":{"rendered":"https:\/\/plazajuarez.mx\/?p=112936"},"modified":"2020-05-31T21:31:54","modified_gmt":"2020-06-01T02:31:54","slug":"luis-fuentes-seguiria-con-el-america","status":"publish","type":"post","link":"https:\/\/plazajuarez.mx\/historico\/luis-fuentes-seguiria-con-el-america\/","title":{"rendered":"Luis Fuentes seguir\u00eda con el Am\u00e9rica"},"content":{"rendered":"\n<ul class=\"wp-block-list\"><li><strong>Uno de los equipos que ya hace malabares es el Am\u00e9rica, porque analiza seriamente la posibilidad de quedarse con Luis Fuentes<\/strong><\/li><\/ul>\n\n\n\n<!--more-->\n\n\n\n<p>Los jugadores que acaban contrato en un mes ya empiezan a moverse para asegurar su sitio en el Apertura 2020, torneo que pretende arrancar el pr\u00f3ximo 17 de julio, tras la cancelaci\u00f3n del Clausura.<\/p>\n\n\n\n<p><br>Uno de los equipos que ya hace malabares es el Am\u00e9rica, porque analiza seriamente la posibilidad de quedarse con Luis Fuentes, de acuerdo con una fuente cercana al exjugador de los Pumas.<br><\/p>\n\n\n\n<p>El pr\u00e9stamo del lateral izquierdo, procedente del Tijuana, finaliza el pr\u00f3ximo d\u00eda 30. Por el momento, Fuentes no tiene claro cu\u00e1l ser\u00e1 su siguiente paso, pero conf\u00eda en llegar a un arreglo con la directiva azulcrema, en la siguiente semana.<\/p>\n\n\n\n<p><br>Adem\u00e1s de la posible baja por un semestre de Nicol\u00e1s Castillo y el acomodo que se le busca a Renato Ibarra, las \u00c1guilas tratan de negociar un pr\u00e9stamo del defensa Luis Reyes por el delantero del Atl\u00e9tico de San Luis, Nico Ib\u00e1\u00f1ez.<\/p>\n\n\n\n<p><br>Mientras que en Pumas ver\u00edan el regreso de Juan Manuel Iturbe, seg\u00fan anticip\u00f3 el zaguero felino Nicol\u00e1s Freire, en redes sociales.<\/p>\n\n\n\n<p><br>Por otra parte, el delantero Luis Madrigal se despidi\u00f3 del Necaxa y retornar\u00e1 al Monterrey. Pero los Rayos ya tienen en mente a sus nuevos objetivos, dos que vistieron del Atlas: el centrocampista africano Clifford Aboagye y el defensa canterano Ismael Govea.En otro tema, \u00a0Santiago C\u00e1seres sorprendi\u00f3 al darle la remontada al Am\u00e9rica sobre el Atl\u00e9tico de San Luis de Antonio Portales (4-3), en la decimoquinta fecha de la eLiga MX.<\/p>\n\n\n\n<p><br>El primer tiempo se pint\u00f3 de rojo y blanco; el azulcrema pr\u00e1cticamente no existi\u00f3. Portales caz\u00f3 la ventaja con un doblete de Diego Pineda (4\u2019 y 12\u2019) y un tanto de Nico Ib\u00e1\u00f1ez (22\u2019), delantero que en la vida real suena para reforzar a las \u00c1guilas rumbo al Apertura 2020.<\/p>\n\n\n\n<p><br>Pero Santi respondi\u00f3 a la presi\u00f3n para dar una espectacular remontada y poner el 4-3 final.<\/p>\n","protected":false},"excerpt":{"rendered":"<p>Uno de los equipos que ya hace malabares es el Am\u00e9rica, porque analiza seriamente la posibilidad de quedarse con Luis Fuentes<\/p>\n","protected":false},"author":81,"featured_media":0,"comment_status":"closed","ping_status":"open","sticky":false,"template":"","format":"standard","meta":{"footnotes":""},"categories":[39],"tags":[368],"class_list":["post-112936","post","type-post","status-publish","format-standard","hentry","category-deportiva","tag-luis-fuentes"],"_links":{"self":[{"href":"https:\/\/plazajuarez.mx\/historico\/wp-json\/wp\/v2\/posts\/112936","targetHints":{"allow":["GET"]}}],"collection":[{"href":"https:\/\/plazajuarez.mx\/historico\/wp-json\/wp\/v2\/posts"}],"about":[{"href":"https:\/\/plazajuarez.mx\/historico\/wp-json\/wp\/v2\/types\/post"}],"author":[{"embeddable":true,"href":"https:\/\/plazajuarez.mx\/historico\/wp-json\/wp\/v2\/users\/81"}],"replies":[{"embeddable":true,"href":"https:\/\/plazajuarez.mx\/historico\/wp-json\/wp\/v2\/comments?post=112936"}],"version-history":[{"count":0,"href":"https:\/\/plazajuarez.mx\/historico\/wp-json\/wp\/v2\/posts\/112936\/revisions"}],"wp:attachment":[{"href":"https:\/\/plazajuarez.mx\/historico\/wp-json\/wp\/v2\/media?parent=112936"}],"wp:term":[{"taxonomy":"category","embeddable":true,"href":"https:\/\/plazajuarez.mx\/historico\/wp-json\/wp\/v2\/categories?post=112936"},{"taxonomy":"post_tag","embeddable":true,"href":"https:\/\/plazajuarez.mx\/historico\/wp-json\/wp\/v2\/tags?post=112936"}],"curies":[{"name":"wp","href":"https:\/\/api.w.org\/{rel}","templated":true}]}}