{"id":112935,"date":"2020-06-01T06:00:00","date_gmt":"2020-06-01T11:00:00","guid":{"rendered":"https:\/\/plazajuarez.mx\/?p=112935"},"modified":"2020-05-31T21:33:20","modified_gmt":"2020-06-01T02:33:20","slug":"chicharito-hernandez-solidario-en-la-lucha-contra-el-racismo","status":"publish","type":"post","link":"https:\/\/plazajuarez.mx\/historico\/chicharito-hernandez-solidario-en-la-lucha-contra-el-racismo\/","title":{"rendered":"&#8220;Chicharito&#8221; Hern\u00e1ndez, solidario en la lucha contra el racismo"},"content":{"rendered":"\n<ul class=\"wp-block-list\"><li><strong>\u201cChicharito&#8221; comparti\u00f3 algunos mensajes que piden un alto a los actos racistas<\/strong><\/li><\/ul>\n\n\n\n<!--more-->\n\n\n\n<p>Javier Hern\u00e1ndez, delantero del LA Galaxy, dej\u00f3 ver en redes sociales su apoyo a las protestas raciales en Estados Unidos.<\/p>\n\n\n\n<p><br>V\u00eda Instagram, &#8220;Chicharito&#8221; comparti\u00f3 algunos mensajes que piden un alto a los actos racistas, luego de que George Floyd, un afroamericano de 46 a\u00f1os de edad falleciera a consecuencia de la brutalidad de la polic\u00eda de Minneapolis, situaci\u00f3n que desencaden\u00f3 una ola de manifestaciones.<\/p>\n\n\n\n<p><br>Entre los mensajes que el futbolista mexicano comparti\u00f3, est\u00e1 la campa\u00f1a contra el racismo que lanz\u00f3 la marca Adidas.<\/p>\n\n\n\n<p><br>Adem\u00e1s de &#8220;Chicharito&#8221;, otros deportistas importantes han levantado la voz contra el racismo, por ejemplo: Steve Kerr (coach de los Warriors), DeMarcus Lawrence (linebacker de los Vaqueros de Dallas), LeBron James (jugador de Los Lakers), Weston McKeanni (futbolista del Schalcke 04), Kylian Mbapp\u00e9 (PSG), Marcus Thuram (Borussia M\u00f6nchengladbach) y Jadon Sancho (Borussia Dortmund).<\/p>\n","protected":false},"excerpt":{"rendered":"<p>\u201cChicharito&#8221; comparti\u00f3 algunos mensajes que piden un alto a los actos racistas<\/p>\n","protected":false},"author":81,"featured_media":0,"comment_status":"closed","ping_status":"open","sticky":false,"template":"","format":"standard","meta":{"footnotes":""},"categories":[39],"tags":[369],"class_list":["post-112935","post","type-post","status-publish","format-standard","hentry","category-deportiva","tag-javier-hernandez"],"_links":{"self":[{"href":"https:\/\/plazajuarez.mx\/historico\/wp-json\/wp\/v2\/posts\/112935","targetHints":{"allow":["GET"]}}],"collection":[{"href":"https:\/\/plazajuarez.mx\/historico\/wp-json\/wp\/v2\/posts"}],"about":[{"href":"https:\/\/plazajuarez.mx\/historico\/wp-json\/wp\/v2\/types\/post"}],"author":[{"embeddable":true,"href":"https:\/\/plazajuarez.mx\/historico\/wp-json\/wp\/v2\/users\/81"}],"replies":[{"embeddable":true,"href":"https:\/\/plazajuarez.mx\/historico\/wp-json\/wp\/v2\/comments?post=112935"}],"version-history":[{"count":0,"href":"https:\/\/plazajuarez.mx\/historico\/wp-json\/wp\/v2\/posts\/112935\/revisions"}],"wp:attachment":[{"href":"https:\/\/plazajuarez.mx\/historico\/wp-json\/wp\/v2\/media?parent=112935"}],"wp:term":[{"taxonomy":"category","embeddable":true,"href":"https:\/\/plazajuarez.mx\/historico\/wp-json\/wp\/v2\/categories?post=112935"},{"taxonomy":"post_tag","embeddable":true,"href":"https:\/\/plazajuarez.mx\/historico\/wp-json\/wp\/v2\/tags?post=112935"}],"curies":[{"name":"wp","href":"https:\/\/api.w.org\/{rel}","templated":true}]}}