{"id":112934,"date":"2020-06-01T06:00:00","date_gmt":"2020-06-01T11:00:00","guid":{"rendered":"https:\/\/plazajuarez.mx\/?p=112934"},"modified":"2020-05-31T21:34:34","modified_gmt":"2020-06-01T02:34:34","slug":"protestas-y-disturbios-luego-del-caso-floyd-se-extienden-por-el-mundo","status":"publish","type":"post","link":"https:\/\/plazajuarez.mx\/historico\/protestas-y-disturbios-luego-del-caso-floyd-se-extienden-por-el-mundo\/","title":{"rendered":"Protestas y disturbios luego del caso Floyd, se extienden por el mundo"},"content":{"rendered":"\n<ul class=\"wp-block-list\"><li><strong>En EU se implementa toque de queda nocturno con 5 mil efectivos de la Guardia Nacional desplegados en 25 urbes; en Europa el fin de semana estuvo lleno de manifestaciones multitudinarias<\/strong><\/li><\/ul>\n\n\n\n<!--more-->\n\n\n\n<p>Luego de un fin de semana lleno de caos y disturbios por el descontento civil que gener\u00f3 el homicidio de George Floyd la semana pasada, las autoridades han decretado el toque de queda nocturno en un total de 25 ciudades de 16 estados de EU, entre ellas Mine\u00e1polis, epicentro de las protestas raciales y de los disturbios, donde el gobernador de Minnesota, Tim Walz, anunci\u00f3 que la medida se ha ampliado por un d\u00eda m\u00e1s.<\/p>\n\n\n\n<p>Seg\u00fan la cadena de televisi\u00f3n CNN, actualmente hay 25 urbes desde la costa este a la costa oeste del pa\u00eds con toque de queda nocturno, como Los \u00c1ngeles, Denver, Miami, Atlanta, Chicago, Louisville, Rochester, Cleveland, Portland, Filadelfia, Pittsburgh, Charleston, Nashville, Salt Lake City, Seattle y Wisconsin.&nbsp;<\/p>\n\n\n\n<p>En una rueda de prensa, Walz justific\u00f3 la decisi\u00f3n, alegando que ser\u00eda &#8220;ingenuo e irresponsable abandonar la estrategia&#8221;.<\/p>\n\n\n\n<p>&#8220;El toque de queda del viernes y el s\u00e1bado por la noche permiti\u00f3 a nuestras fuerzas de seguridad atacar a aquellos que quer\u00edan da\u00f1ar a nuestra comunidad&#8221;, dijo el gobernador.&nbsp;<\/p>\n\n\n\n<p>El toque de queda incluye a unos 5 mil efectivos de la Guardia Nacional, un cuerpo en la reserva, que ya han sido activados en 15 estados de EU y en el Distrito de Columbia para lidiar con los disturbios derivados de las protestas contra la brutalidad policial frente a la comunidad negra, seg\u00fan se inform\u00f3.<\/p>\n\n\n\n<p><strong>\u201c<\/strong><strong>Afroamericanos tienen raz\u00f3n para temer\u201d: Fiscal<\/strong><\/p>\n\n\n\n<p>El fiscal general de Minnesota, Keith Ellison, reconoci\u00f3 este domingo que los afroamericanos de ese estado tienen motivos para temer a la polic\u00eda, a la luz de la muerte el lunes pasado de un hombre de raza negra a manos de un agente blanco en Mine\u00e1polis.<\/p>\n\n\n\n<p>&#8220;Hay una historia que se repite de un tiempo a otro, de nuevo&#8221;, lament\u00f3 Ellison, quien matiz\u00f3 que hay muchos agentes que son &#8220;gente estupenda&#8221; y alab\u00f3 al jefe de la Polic\u00eda local de Mine\u00e1polis, Medaria Arradondo, el primer hombre de raza negra en estar al frente de este departamento.<\/p>\n\n\n\n<p><strong>Manifestaciones se extienden a Europa<\/strong><strong>&nbsp;<\/strong><\/p>\n\n\n\n<p>Las manifestaciones por la violencia policial contra los negros en Estados Unidos, provocadas por la muerte del afroamericano George Floyd a manos de un agente el pasado lunes en Mine\u00e1polis, se extendieron este fin de semana a algunas ciudades europeas, donde miles de personas se han sumado al movimiento de protesta.<\/p>\n\n\n\n<p>En Berl\u00edn hubo manifestaciones por segundo d\u00eda consecutivo, concretamente en el multi\u00e9tnico barrio de Neuk\u00f6lln, donde alrededor de un millar de personas se congregaron para exigir justicia para George Floyd.<\/p>\n\n\n\n<p>Antier, unas dos mil personas se concentraron ante la Embajada de EEUU en Berl\u00edn. Los concentrados portaban carteles alusivos a la muerte de Lloyd y en denuncia de ese nuevo caso de violencia policial sobre un afroamericano.<\/p>\n\n\n\n<p>Tambi\u00e9n en Londres, miles de personas se manifestaron este domingo para protestar por la muerte de Floyd, que ha desatado disturbios raciales en Estados Unidos.<\/p>\n\n\n\n<p>Los manifestantes recorrieron la avenida Whitehall, en el centro de la capital brit\u00e1nica, pasaron frente al palacio de Westminster, sede del Parlamento, y se concentraron finalmente en las inmediaciones de la Embajada de Estados Unidos en Londres.<\/p>\n\n\n\n<p>Asimismo se registraron marchas denunciando la brutalidad policial ante la Embajada de Estados Unidos en Dinamarca.<\/p>\n\n\n\n<p>Algunos de los concentrados en Copenhague portaban carteles con la frase &#8220;I Can&#8217;t Breathe&#8221; (&#8220;No puedo respirar&#8221;) alusivas a la muerte de Lloyd, oraci\u00f3n que pronunci\u00f3 poco antes de morir bajo la presi\u00f3n del agente policial, y que quienes protestan en Estados Unidos suelen corear.<\/p>\n","protected":false},"excerpt":{"rendered":"<p>En EU se implementa toque de queda nocturno con 5 mil efectivos de la Guardia Nacional desplegados en 25 urbes; en Europa el fin de semana estuvo lleno de manifestaciones multitudinarias<\/p>\n","protected":false},"author":80,"featured_media":0,"comment_status":"closed","ping_status":"open","sticky":false,"template":"","format":"standard","meta":{"footnotes":""},"categories":[31],"tags":[228],"class_list":["post-112934","post","type-post","status-publish","format-standard","hentry","category-orbe","tag-george-floyd"],"_links":{"self":[{"href":"https:\/\/plazajuarez.mx\/historico\/wp-json\/wp\/v2\/posts\/112934","targetHints":{"allow":["GET"]}}],"collection":[{"href":"https:\/\/plazajuarez.mx\/historico\/wp-json\/wp\/v2\/posts"}],"about":[{"href":"https:\/\/plazajuarez.mx\/historico\/wp-json\/wp\/v2\/types\/post"}],"author":[{"embeddable":true,"href":"https:\/\/plazajuarez.mx\/historico\/wp-json\/wp\/v2\/users\/80"}],"replies":[{"embeddable":true,"href":"https:\/\/plazajuarez.mx\/historico\/wp-json\/wp\/v2\/comments?post=112934"}],"version-history":[{"count":0,"href":"https:\/\/plazajuarez.mx\/historico\/wp-json\/wp\/v2\/posts\/112934\/revisions"}],"wp:attachment":[{"href":"https:\/\/plazajuarez.mx\/historico\/wp-json\/wp\/v2\/media?parent=112934"}],"wp:term":[{"taxonomy":"category","embeddable":true,"href":"https:\/\/plazajuarez.mx\/historico\/wp-json\/wp\/v2\/categories?post=112934"},{"taxonomy":"post_tag","embeddable":true,"href":"https:\/\/plazajuarez.mx\/historico\/wp-json\/wp\/v2\/tags?post=112934"}],"curies":[{"name":"wp","href":"https:\/\/api.w.org\/{rel}","templated":true}]}}