{"id":112933,"date":"2020-06-01T06:00:00","date_gmt":"2020-06-01T11:00:00","guid":{"rendered":"https:\/\/plazajuarez.mx\/?p=112933"},"modified":"2020-05-31T21:43:20","modified_gmt":"2020-06-01T02:43:20","slug":"salvaron-la-vida-pero-estan-heridos","status":"publish","type":"post","link":"https:\/\/plazajuarez.mx\/historico\/salvaron-la-vida-pero-estan-heridos\/","title":{"rendered":"Salvaron la vida pero est\u00e1n heridos"},"content":{"rendered":"\n<p><strong>El accidente tuvo lugar en el tramo carretero Francisco I. Madero-Progreso de Obreg\u00f3n<\/strong><\/p>\n\n\n\n<!--more-->\n\n\n\n<p>Una intensa movilizaci\u00f3n policial, as\u00ed como de socorristas gener\u00f3 un aparatoso accidente que tuvo lugar sobre la carretera Actopan-Tula, donde cuatro personas lograron salvar la vida, sin embargo resultaron heridos de gravedad y fueron canalizados de emergencia a un nosocomio de la regi\u00f3n, para recibir atenci\u00f3n m\u00e9dica.<\/p>\n\n\n\n<p>El accidente tuvo lugar en el tramo carretero Francisco I. Madero-Progreso de Obreg\u00f3n, a la altura de la gasolinera denominada Dos Cerros.<\/p>\n\n\n\n<p>Fueron vecinos, los que alertaron al 911 de Emergencias sobre el percance y solicitaba de urgencia la intervenci\u00f3n de socorristas y param\u00e9dicos para auxiliar a los lesionados.<\/p>\n\n\n\n<p>Al lugar del siniestro, inicialmente acudieron elementos de la Polic\u00eda Municipal de Francisco I. Madero, pero posteriormente se tuvo la intervenci\u00f3n de oficiales de la Agencia de Seguridad del estado de Hidalgo, quienes tomaron conocimiento del accidente.<\/p>\n\n\n\n<p>En su reporte los polic\u00edas estatales indicaron que presumiblemente se trat\u00f3 de la p\u00e9rdida del control de un auto por exceso de velocidad, marca Kia, blanco de modelo reciente, que invadi\u00f3 el camell\u00f3n central y termin\u00f3 por impactarse con una palmera.<\/p>\n\n\n\n<p>En el veh\u00edculo viajaba un matrimonio y sus dos hijos, quienes al resultar lesionados recibieron el auxilio de socorristas de la Cruz Roja, quienes los estabilizaron para posteriormente canalizarlos de emergencia al hospital Integral de Cinta Larga, donde fueron ingresados al \u00e1rea de Urgencias.<\/p>\n","protected":false},"excerpt":{"rendered":"<p>El accidente tuvo lugar en el tramo carretero Francisco I. Madero-Progreso de Obreg\u00f3n<\/p>\n","protected":false},"author":93,"featured_media":0,"comment_status":"closed","ping_status":"open","sticky":false,"template":"","format":"standard","meta":{"footnotes":""},"categories":[37],"tags":[],"class_list":["post-112933","post","type-post","status-publish","format-standard","hentry","category-barandilla"],"_links":{"self":[{"href":"https:\/\/plazajuarez.mx\/historico\/wp-json\/wp\/v2\/posts\/112933","targetHints":{"allow":["GET"]}}],"collection":[{"href":"https:\/\/plazajuarez.mx\/historico\/wp-json\/wp\/v2\/posts"}],"about":[{"href":"https:\/\/plazajuarez.mx\/historico\/wp-json\/wp\/v2\/types\/post"}],"author":[{"embeddable":true,"href":"https:\/\/plazajuarez.mx\/historico\/wp-json\/wp\/v2\/users\/93"}],"replies":[{"embeddable":true,"href":"https:\/\/plazajuarez.mx\/historico\/wp-json\/wp\/v2\/comments?post=112933"}],"version-history":[{"count":0,"href":"https:\/\/plazajuarez.mx\/historico\/wp-json\/wp\/v2\/posts\/112933\/revisions"}],"wp:attachment":[{"href":"https:\/\/plazajuarez.mx\/historico\/wp-json\/wp\/v2\/media?parent=112933"}],"wp:term":[{"taxonomy":"category","embeddable":true,"href":"https:\/\/plazajuarez.mx\/historico\/wp-json\/wp\/v2\/categories?post=112933"},{"taxonomy":"post_tag","embeddable":true,"href":"https:\/\/plazajuarez.mx\/historico\/wp-json\/wp\/v2\/tags?post=112933"}],"curies":[{"name":"wp","href":"https:\/\/api.w.org\/{rel}","templated":true}]}}