{"id":112927,"date":"2020-05-31T19:02:59","date_gmt":"2020-06-01T00:02:59","guid":{"rendered":"https:\/\/plazajuarez.mx\/?p=112927"},"modified":"2020-05-31T19:46:16","modified_gmt":"2020-06-01T00:46:16","slug":"en-vivo-conferencia-de-prensa-sobre-covid19","status":"publish","type":"post","link":"https:\/\/plazajuarez.mx\/historico\/en-vivo-conferencia-de-prensa-sobre-covid19\/","title":{"rendered":"M\u00e9xico supera los 9 mil fallecidos por Covid-19; hay 90 mil contagios"},"content":{"rendered":"\n<ul class=\"wp-block-list\"><li><strong>Hay 36 mil 803 casos sospechosos, aunque con 147 mil 530 casos negativos acumulados en el pa\u00eds.<\/strong><\/li><\/ul>\n\n\n\n<!--more-->\n\n\n\n<p>M\u00e9xico ascendi\u00f3, al corte de este 31 de mayo, a 9 mil 930 muertes por Covid-19, con 90 mil 664 casos de contagios confirmados de coronavirus, seg\u00fan informaron autoridades de la Secretar\u00eda de Salud.<\/p>\n\n\n\n<p>Hugo L\u00f3pez-Gatell, subsecretario de Prevenci\u00f3n y Promoci\u00f3n de la Salud, detall\u00f3 que hay 36 mil 803 casos sospechosos, aunque con 147 mil 530 casos negativos acumulados en el pa\u00eds.<\/p>\n\n\n\n<p>Durante el informe diario de coronavirus, ofrecido esta tarde en Palacio Nacional, el funcionario especific\u00f3 que a\u00fan quedan 16 mil 962 casos activos y 36 mil 803 casos sospechosos de padecer Covid-19.<\/p>\n\n\n\n<p>&#8220;Hoy no se acaba la epidemia, hoy no se acaba la restricci\u00f3n de la movilidad en el espacio p\u00fablico. [\u2026] es importante que la gente sepa que la epidemia persiste y toda la Rep\u00fablica est\u00e1 en sem\u00e1foro rojo&#8221;, dijo.<\/p>\n\n\n\n<p>Respecto al s\u00e1bado, el pa\u00eds aument\u00f3 3 mil 152 casos confirmados, lo que representa un 3.6%. Sobre la ocupaci\u00f3n de camas hospitalarias de la Red IRAG, explic\u00f3 que la ocupaci\u00f3n s\u00f3lo aument\u00f3 1%.<\/p>\n\n\n\n<p>Ayer s\u00e1bado, la Secretar\u00eda de Salud hab\u00eda confirmado 87 mil 512 contagios, 9 mil 779 muertes y m\u00e1s de 16 mil casos activos por coronavirus en M\u00e9xico.<br>Este domingo, el subsecretario L\u00f3pez-Gatell advirti\u00f3 que, si las autoridades y la sociedad no siguen al pie de la letra las medidas de prevenci\u00f3n indicadas en el sem\u00e1foro epidemiol\u00f3gico, se corre el riesgo de que el Covid-19 tenga un rebrote en el pa\u00eds.<\/p>\n\n\n\n<p>&#8220;Si las reglas no se siguen, lo que va a pasar es que cada municipio y cada estado tendr\u00e1 un mayor n\u00famero de contagios, va a remerger la pandemia y entonces tendr\u00e1n medidas m\u00e1s restrictivas, que nos regresan a etapas previas del control epid\u00e9mico&#8221;, expres\u00f3.<\/p>\n\n\n\n<p>Por otra parte, el gobierno del Estado de M\u00e9xico inform\u00f3 esta tarde que habr\u00e1 una sola verificaci\u00f3n vehicular en 2020 ante la propagaci\u00f3n del Covid-19. Adem\u00e1s, detall\u00f3 que la verificaci\u00f3n que se realiz\u00f3 en los primeros meses del a\u00f1o tendr\u00e1 vigencia hasta 2021.<\/p>\n\n\n\n<figure class=\"wp-block-embed-facebook wp-block-embed is-type-video is-provider-facebook\"><div class=\"wp-block-embed__wrapper\">\nhttps:\/\/www.facebook.com\/SecretariadeSaludMX\/videos\/873625633147860\/\n<\/div><\/figure>\n","protected":false},"excerpt":{"rendered":"<p>Hay 36 mil 803 casos sospechosos, aunque con 147 mil 530 casos negativos acumulados en el pa\u00eds.<\/p>\n","protected":false},"author":81,"featured_media":0,"comment_status":"closed","ping_status":"open","sticky":false,"template":"","format":"standard","meta":{"footnotes":""},"categories":[15,36],"tags":[92,93],"class_list":["post-112927","post","type-post","status-publish","format-standard","hentry","category-destacadas","category-nacion","tag-conferencia","tag-covid-19"],"_links":{"self":[{"href":"https:\/\/plazajuarez.mx\/historico\/wp-json\/wp\/v2\/posts\/112927","targetHints":{"allow":["GET"]}}],"collection":[{"href":"https:\/\/plazajuarez.mx\/historico\/wp-json\/wp\/v2\/posts"}],"about":[{"href":"https:\/\/plazajuarez.mx\/historico\/wp-json\/wp\/v2\/types\/post"}],"author":[{"embeddable":true,"href":"https:\/\/plazajuarez.mx\/historico\/wp-json\/wp\/v2\/users\/81"}],"replies":[{"embeddable":true,"href":"https:\/\/plazajuarez.mx\/historico\/wp-json\/wp\/v2\/comments?post=112927"}],"version-history":[{"count":0,"href":"https:\/\/plazajuarez.mx\/historico\/wp-json\/wp\/v2\/posts\/112927\/revisions"}],"wp:attachment":[{"href":"https:\/\/plazajuarez.mx\/historico\/wp-json\/wp\/v2\/media?parent=112927"}],"wp:term":[{"taxonomy":"category","embeddable":true,"href":"https:\/\/plazajuarez.mx\/historico\/wp-json\/wp\/v2\/categories?post=112927"},{"taxonomy":"post_tag","embeddable":true,"href":"https:\/\/plazajuarez.mx\/historico\/wp-json\/wp\/v2\/tags?post=112927"}],"curies":[{"name":"wp","href":"https:\/\/api.w.org\/{rel}","templated":true}]}}