{"id":1129,"date":"2015-02-20T06:00:00","date_gmt":"2015-02-20T06:00:00","guid":{"rendered":"http:\/\/plazajuarez.mx\/index\/index.php\/2015\/02\/20\/varoufakis-se-compromete-a-evitar-acciones-unilaterales\/"},"modified":"2015-02-20T06:00:00","modified_gmt":"2015-02-20T06:00:00","slug":"varoufakis-se-compromete-a-evitar-acciones-unilaterales","status":"publish","type":"post","link":"https:\/\/plazajuarez.mx\/historico\/varoufakis-se-compromete-a-evitar-acciones-unilaterales\/","title":{"rendered":"Varoufakis se compromete a  evitar \u201cacciones unilaterales\u201d"},"content":{"rendered":"<p>Bruselas.- Apenas dos folios. Claro, rotundo y directo. La carta del ministro griego Yanis Varoufakis al presidente del Eurogrupo, Jeoren Dijsselbloem, contiene muchas de las cesiones que esperaban los socios europeos, seg\u00fan el documento. Varoufakis pide \u201cla extensi\u00f3n del Acuerdo M\u00e1ster para la Facilidad de Asistencia Financiera\u201d por un periodo de seis meses, y lo vincula sin dobleces al actual acuerdo: Grecia reclama \u201cel mejor uso de la flexibilidad dentro del acuerdo actual\u201d. Y a\u00fan m\u00e1s; concede a los socios que Atenas buscar\u00e1 \u201cconcluirlo exitosamente y revisarlo sobre la base de las propuestas del Gobierno griego y las instituciones\u201d.<\/p>\n<p>  <!--more-->  <\/p>\n<p>\u00a0<\/p>\n<p>Varoufakis subraya que el Ejecutivo heleno \u201cest\u00e1 comprometido con profundizar el proceso de reformas\u201d, y pone el \u00e9nfasis en la mejora \u201cdel crecimiento y el empleo\u201d, \u201cla sostenibilidad financiera y de la deuda, y de una mayor justicia social tras los significativos costos que ha causado la crisis actual\u201d. Grecia reconoce que los procedimientos acordados por el Gobierno anterior y los socios \u201cse interrumpieron con motivo de las elecciones\u201d; como resultado, \u201cmuchos de los acuerdos t\u00e9cnicos han sido invalidados\u201d. (Agencias)<\/p>\n","protected":false},"excerpt":{"rendered":"<p>Bruselas.- Apenas dos folios. Claro, rotundo y directo. La carta del ministro griego Yanis Varoufakis al presidente del Eurogrupo, Jeoren Dijsselbloem, contiene muchas de las cesiones que esperaban los socios europeos, seg\u00fan el documento. Varoufakis pide \u201cla extensi\u00f3n del Acuerdo M\u00e1ster para la Facilidad de Asistencia Financiera\u201d por un periodo de seis meses, y lo [&hellip;]<\/p>\n","protected":false},"author":93,"featured_media":0,"comment_status":"open","ping_status":"open","sticky":false,"template":"","format":"standard","meta":{"footnotes":""},"categories":[31],"tags":[],"class_list":["post-1129","post","type-post","status-publish","format-standard","hentry","category-orbe"],"_links":{"self":[{"href":"https:\/\/plazajuarez.mx\/historico\/wp-json\/wp\/v2\/posts\/1129","targetHints":{"allow":["GET"]}}],"collection":[{"href":"https:\/\/plazajuarez.mx\/historico\/wp-json\/wp\/v2\/posts"}],"about":[{"href":"https:\/\/plazajuarez.mx\/historico\/wp-json\/wp\/v2\/types\/post"}],"author":[{"embeddable":true,"href":"https:\/\/plazajuarez.mx\/historico\/wp-json\/wp\/v2\/users\/93"}],"replies":[{"embeddable":true,"href":"https:\/\/plazajuarez.mx\/historico\/wp-json\/wp\/v2\/comments?post=1129"}],"version-history":[{"count":0,"href":"https:\/\/plazajuarez.mx\/historico\/wp-json\/wp\/v2\/posts\/1129\/revisions"}],"wp:attachment":[{"href":"https:\/\/plazajuarez.mx\/historico\/wp-json\/wp\/v2\/media?parent=1129"}],"wp:term":[{"taxonomy":"category","embeddable":true,"href":"https:\/\/plazajuarez.mx\/historico\/wp-json\/wp\/v2\/categories?post=1129"},{"taxonomy":"post_tag","embeddable":true,"href":"https:\/\/plazajuarez.mx\/historico\/wp-json\/wp\/v2\/tags?post=1129"}],"curies":[{"name":"wp","href":"https:\/\/api.w.org\/{rel}","templated":true}]}}