{"id":1128,"date":"2015-02-20T06:00:00","date_gmt":"2015-02-20T06:00:00","guid":{"rendered":"http:\/\/plazajuarez.mx\/index\/index.php\/2015\/02\/20\/el-estado-islamico-amenaza-con-enviar-500-000-inmigrantes-a-europa\/"},"modified":"2015-02-20T06:00:00","modified_gmt":"2015-02-20T06:00:00","slug":"el-estado-islamico-amenaza-con-enviar-500-000-inmigrantes-a-europa","status":"publish","type":"post","link":"https:\/\/plazajuarez.mx\/historico\/el-estado-islamico-amenaza-con-enviar-500-000-inmigrantes-a-europa\/","title":{"rendered":"El Estado Isl\u00e1mico amenaza con  enviar 500.000 inmigrantes a Europa"},"content":{"rendered":"<ul>\n<li><strong><strong>La nueva arma del yihadismos consiste en crear \u00abcaos\u00bb en el Mediterraneo para evitar la intervenci\u00f3n en Libia<\/strong><\/strong> <!--more--> <\/li>\n<\/ul>\n<p>\u00abSi env\u00edan fuerzas armadas a Libia nosotros enviaremos 500.000 inmigrantes\u00bb. Este es esencialmente el mensaje enviado por la franquicia yihadista libia al Gobierno italiano.<\/p>\n<p>El ministro de Exteriores italiano, Angelino Alfano, dijo el lunes que Libia ten\u00eda que ser la \u00abprioridad absoluta\u00bb para la comunidad internacional, y que \u00abno hab\u00eda tiempo que perder.\u00bb \u00abSi las milicias del Califato se mueve m\u00e1s r\u00e1pido que la comunidad internacional a la hora de tomar decisiones, tenemos el riesgo de un \u00e9xodo sin precedentes\u00bb.<\/p>\n<p>M\u00e1s prudente se mostr\u00f3 Matteo Renzi, que hab\u00eda declarado que \u00abno era el momento para una intervenci\u00f3n militar\u00bb, cuando el ministro de defensa afirm\u00f3 que Italia estaba dispuesta a movilizar a 5.000 soldados para luchar contra el EI en Libia.<\/p>\n<p>Las costas italianas est\u00e1n tan solo a 350 kil\u00f3metros de las de Libia. En el v\u00eddeo de la matanza de 21 coptos, un yihadista advirti\u00f3: \u00abEstamos al sur de Roma.\u00bb El caso de Libia est\u00e1 ahora en el foco de atenci\u00f3n de los medios de comunicaci\u00f3n en Italia, y el pa\u00eds est\u00e1 bajo una gran presi\u00f3n por temor a un ataque en cualquier momento.<\/p>\n<p>Seg\u00fan las escuchas telef\u00f3nicas, el Estado Isl\u00e1mico pretende utilizar a los inmigrantes como un \u00abarma psicol\u00f3gica\u00bb contra Europa y especialmente contra Italia si interviene en Libia. En estas conversaciones telef\u00f3nicas interceptadas por la polic\u00eda italiana, yihadistas amenazan con enviar a miles de barcos llenos de inmigrantes a las costas italianas. Hablan de \u00ab500.000 inmigrantes\u00bb. \u00abLos yihadistas lanzan la hip\u00f3tesis de enviar a la deriva hacia Italia cientos de barcos llenos de inmigrantes desde el momento en que Italia proceda a una intervenci\u00f3n armada en Libia\u00bb. (Agencias)<\/p>\n","protected":false},"excerpt":{"rendered":"<p>La nueva arma del yihadismos consiste en crear \u00abcaos\u00bb en el Mediterraneo para evitar la intervenci\u00f3n en Libia<\/p>\n","protected":false},"author":93,"featured_media":0,"comment_status":"open","ping_status":"open","sticky":false,"template":"","format":"standard","meta":{"footnotes":""},"categories":[31],"tags":[],"class_list":["post-1128","post","type-post","status-publish","format-standard","hentry","category-orbe"],"_links":{"self":[{"href":"https:\/\/plazajuarez.mx\/historico\/wp-json\/wp\/v2\/posts\/1128","targetHints":{"allow":["GET"]}}],"collection":[{"href":"https:\/\/plazajuarez.mx\/historico\/wp-json\/wp\/v2\/posts"}],"about":[{"href":"https:\/\/plazajuarez.mx\/historico\/wp-json\/wp\/v2\/types\/post"}],"author":[{"embeddable":true,"href":"https:\/\/plazajuarez.mx\/historico\/wp-json\/wp\/v2\/users\/93"}],"replies":[{"embeddable":true,"href":"https:\/\/plazajuarez.mx\/historico\/wp-json\/wp\/v2\/comments?post=1128"}],"version-history":[{"count":0,"href":"https:\/\/plazajuarez.mx\/historico\/wp-json\/wp\/v2\/posts\/1128\/revisions"}],"wp:attachment":[{"href":"https:\/\/plazajuarez.mx\/historico\/wp-json\/wp\/v2\/media?parent=1128"}],"wp:term":[{"taxonomy":"category","embeddable":true,"href":"https:\/\/plazajuarez.mx\/historico\/wp-json\/wp\/v2\/categories?post=1128"},{"taxonomy":"post_tag","embeddable":true,"href":"https:\/\/plazajuarez.mx\/historico\/wp-json\/wp\/v2\/tags?post=1128"}],"curies":[{"name":"wp","href":"https:\/\/api.w.org\/{rel}","templated":true}]}}