{"id":112798,"date":"2020-05-31T06:00:00","date_gmt":"2020-05-31T11:00:00","guid":{"rendered":"https:\/\/plazajuarez.mx\/?p=112798"},"modified":"2020-05-30T23:04:16","modified_gmt":"2020-05-31T04:04:16","slug":"del-potro-anuncia-el-final-del-vinculo-con-su-entrenador","status":"publish","type":"post","link":"https:\/\/plazajuarez.mx\/historico\/del-potro-anuncia-el-final-del-vinculo-con-su-entrenador\/","title":{"rendered":"Del Potro anuncia el final del v\u00ednculo con su entrenador"},"content":{"rendered":"\n<ul class=\"wp-block-list\"><li><strong>Hasta febrero pasado, Prieto tambi\u00e9n ten\u00eda el monitoreo de Andr\u00e9s Schneiter y desde marzo asumi\u00f3 el del chileno Christian Gar\u00edn<\/strong><\/li><\/ul>\n\n\n\n<!--more-->\n\n\n\n<p>El ganador del Abierto de los Estados Unidos 2009 y exn\u00famero 3 del mundo, Juan Mart\u00edn Del Potro, anunci\u00f3 este s\u00e1bado el final de su v\u00ednculo con el entrenador Sebasti\u00e1n Prieto, al que liber\u00f3 para que pueda dedicarse a tiempo completo con el tambi\u00e9n argentino Juan Londero.<\/p>\n\n\n\n<p>&#8220;Quer\u00eda contarles que acordamos con Sebasti\u00e1n Prieto finalizar el v\u00ednculo para que \u00e9l pueda desarrollar su trabajo con Juan Londero, mientras contin\u00fao mi rehabilitaci\u00f3n&#8221;, expres\u00f3 Del Potro en sus redes sociales.<\/p>\n\n\n\n<p>De esta manera, Del Potro, que no tiene fecha para volver al circuito m\u00e1s all\u00e1 del par\u00f3n por la pandemia del coronavirus, le permite a Prieto transformarse en el entrenador principal de Londero.<\/p>\n\n\n\n<p>Hasta febrero pasado, Prieto tambi\u00e9n ten\u00eda el monitoreo de Andr\u00e9s Schneiter y desde marzo asumi\u00f3 el del chileno Christian Gar\u00edn.<\/p>\n\n\n\n<p>&#8220;Estoy muy agradecido con Piper (por Prieto) por estos a\u00f1os juntos, gran coach y gran persona. Lo mejor en esta nueva etapa\u201d, complet\u00f3 el argentino en su comunicado.<\/p>\n\n\n\n<p>Del Potro tiene su clasificaci\u00f3n protegida por lesi\u00f3n, aunque actualmente ocupa el puesto 128 del mundo en la ATP.<\/p>\n\n\n\n<p>El v\u00ednculo de Del Potro y Prieto naci\u00f3 en el Abierto de Estados Unidos de 2017 y desde entonces estuvieron juntos en la mejor etapa del tenista, cuando alcanz\u00f3 la tercera posici\u00f3n con la conquista de su \u00fanico Masters 1000, el de Indian Wells en 2018.&nbsp;<\/p>\n\n\n\n<p>Prieto tambi\u00e9n fue un sost\u00e9n psicol\u00f3gico y an\u00edmico para el tenista tandilense en sus reiteradas lesiones, esas mismas que le impidieron volver a las pistas desde el torneo de Queens del a\u00f1o pasado.<\/p>\n\n\n\n<p>Antes de Prieto, Juan Mart\u00edn Del Potro estuvo un largo tiempo sin entrenador definido luego de romper su v\u00ednculo con Franco Dav\u00edn en julio de 2015.&nbsp;<\/p>\n\n\n\n<p>Durante casi tres a\u00f1os, el tandilense se manej\u00f3 sin entrenador principal, pero con un grupo de trabajo compuesto por el kinesi\u00f3logo Diego Rodr\u00edguez, la ayuda del capit\u00e1n de Copa Davis de ese entonces, Daniel Orsanic, el venezolano Jimy Szymanski, su mentor Marcelo G\u00f3mez y su amigo Santiago Quirno.<\/p>\n","protected":false},"excerpt":{"rendered":"<p>Hasta febrero pasado, Prieto tambi\u00e9n ten\u00eda el monitoreo de Andr\u00e9s Schneiter y desde marzo asumi\u00f3 el del chileno Christian Gar\u00edn<\/p>\n","protected":false},"author":80,"featured_media":0,"comment_status":"closed","ping_status":"open","sticky":false,"template":"","format":"standard","meta":{"footnotes":""},"categories":[39],"tags":[314,316,315],"class_list":["post-112798","post","type-post","status-publish","format-standard","hentry","category-deportiva","tag-entrenador","tag-final","tag-vinculo"],"_links":{"self":[{"href":"https:\/\/plazajuarez.mx\/historico\/wp-json\/wp\/v2\/posts\/112798","targetHints":{"allow":["GET"]}}],"collection":[{"href":"https:\/\/plazajuarez.mx\/historico\/wp-json\/wp\/v2\/posts"}],"about":[{"href":"https:\/\/plazajuarez.mx\/historico\/wp-json\/wp\/v2\/types\/post"}],"author":[{"embeddable":true,"href":"https:\/\/plazajuarez.mx\/historico\/wp-json\/wp\/v2\/users\/80"}],"replies":[{"embeddable":true,"href":"https:\/\/plazajuarez.mx\/historico\/wp-json\/wp\/v2\/comments?post=112798"}],"version-history":[{"count":0,"href":"https:\/\/plazajuarez.mx\/historico\/wp-json\/wp\/v2\/posts\/112798\/revisions"}],"wp:attachment":[{"href":"https:\/\/plazajuarez.mx\/historico\/wp-json\/wp\/v2\/media?parent=112798"}],"wp:term":[{"taxonomy":"category","embeddable":true,"href":"https:\/\/plazajuarez.mx\/historico\/wp-json\/wp\/v2\/categories?post=112798"},{"taxonomy":"post_tag","embeddable":true,"href":"https:\/\/plazajuarez.mx\/historico\/wp-json\/wp\/v2\/tags?post=112798"}],"curies":[{"name":"wp","href":"https:\/\/api.w.org\/{rel}","templated":true}]}}