{"id":112588,"date":"2020-05-30T06:00:00","date_gmt":"2020-05-30T11:00:00","guid":{"rendered":"https:\/\/plazajuarez.mx\/?p=112588"},"modified":"2020-05-30T00:15:14","modified_gmt":"2020-05-30T05:15:14","slug":"prd-sin-representacion-en-el-congreso-del-estado","status":"publish","type":"post","link":"https:\/\/plazajuarez.mx\/historico\/prd-sin-representacion-en-el-congreso-del-estado\/","title":{"rendered":"PRD SIN REPRESENTACI\u00d3N EN EL CONGRESO DEL ESTADO"},"content":{"rendered":"\n<ul class=\"wp-block-list\"><li><strong>Areli Miranda no piensa dejar el espacio que le corresponde al Sol Azteca<\/strong><\/li><\/ul>\n\n\n\n<!--more-->\n\n\n\n<p>El presidente estatal del Partido de la Revoluci\u00f3n Democr\u00e1tica (PRD), H\u00e9ctor Ch\u00e1vez Ru\u00edz manifest\u00f3 que el partido que encabeza no tiene representaci\u00f3n oficial en la LXIV Legislatura, sin embargo continuar\u00e1n impulsando la agenda legislativa con el respaldo de la ciudadan\u00eda.<\/p>\n\n\n\n<p>Lo anterior, luego que la ex diputada perredista Areli Miranda Ayala, renunciara al Sol Azteca para enlistarse a las filas de MORENA y participar en el pr\u00f3ximo proceso electoral para la renovaci\u00f3n de los 84 municipios.<\/p>\n\n\n\n<p>Sin embargo, sigue ocupando el curul en el Congreso, pese a que fue un espacio obtenido por el PRD y \u00e9ste instituto pol\u00edtico le solicit\u00f3 dejarlo para trabajar la agenda legislativa \u201cla ex compa\u00f1era diputada sigue utilizando el espacio que le corresponde al PRD\u201d.<\/p>\n\n\n\n<p>Ch\u00e1vez Ru\u00edz refiri\u00f3 que no existe una manera legal de ocupar este espacio que oficialmente le corresponde al Sol Azteca, sin embargo continuar\u00e1n trabajando en los temas que integran la agenda legislativa.<\/p>\n\n\n\n<p>Dijo \u201ces un espacio que recay\u00f3 al final en ella, y al final es una decisi\u00f3n de ella, si ella decide seguir al frente de un espacio que es de los perredistas, no hay una forma legal de poder reclamar el espacio, pues ya lo habr\u00edamos hecho\u201d.<\/p>\n\n\n\n<p>En ese sentido agreg\u00f3 que no tienen representaci\u00f3n en el Congreso Local \u201cno tenemos de manera formal una diputada que se identifique con el partido, pero hay muchos compa\u00f1eros diputados que les interesar\u00e1 seguir representando nuestra agenda legislativa\u201d.<\/p>\n","protected":false},"excerpt":{"rendered":"<p>Areli Miranda no piensa dejar el espacio que le corresponde al Sol Azteca<\/p>\n","protected":false},"author":93,"featured_media":0,"comment_status":"closed","ping_status":"open","sticky":false,"template":"","format":"standard","meta":{"footnotes":""},"categories":[59],"tags":[],"class_list":["post-112588","post","type-post","status-publish","format-standard","hentry","category-general"],"_links":{"self":[{"href":"https:\/\/plazajuarez.mx\/historico\/wp-json\/wp\/v2\/posts\/112588","targetHints":{"allow":["GET"]}}],"collection":[{"href":"https:\/\/plazajuarez.mx\/historico\/wp-json\/wp\/v2\/posts"}],"about":[{"href":"https:\/\/plazajuarez.mx\/historico\/wp-json\/wp\/v2\/types\/post"}],"author":[{"embeddable":true,"href":"https:\/\/plazajuarez.mx\/historico\/wp-json\/wp\/v2\/users\/93"}],"replies":[{"embeddable":true,"href":"https:\/\/plazajuarez.mx\/historico\/wp-json\/wp\/v2\/comments?post=112588"}],"version-history":[{"count":0,"href":"https:\/\/plazajuarez.mx\/historico\/wp-json\/wp\/v2\/posts\/112588\/revisions"}],"wp:attachment":[{"href":"https:\/\/plazajuarez.mx\/historico\/wp-json\/wp\/v2\/media?parent=112588"}],"wp:term":[{"taxonomy":"category","embeddable":true,"href":"https:\/\/plazajuarez.mx\/historico\/wp-json\/wp\/v2\/categories?post=112588"},{"taxonomy":"post_tag","embeddable":true,"href":"https:\/\/plazajuarez.mx\/historico\/wp-json\/wp\/v2\/tags?post=112588"}],"curies":[{"name":"wp","href":"https:\/\/api.w.org\/{rel}","templated":true}]}}