{"id":112586,"date":"2020-05-30T06:00:00","date_gmt":"2020-05-30T11:00:00","guid":{"rendered":"https:\/\/plazajuarez.mx\/?p=112586"},"modified":"2020-05-29T21:34:36","modified_gmt":"2020-05-30T02:34:36","slug":"vincularon-a-proceso-a-un-hombre-por-feminicidio","status":"publish","type":"post","link":"https:\/\/plazajuarez.mx\/historico\/vincularon-a-proceso-a-un-hombre-por-feminicidio\/","title":{"rendered":"Vincularon a proceso a un hombre por feminicidio"},"content":{"rendered":"\n<ul class=\"wp-block-list\"><li><strong>El vinculado a proceso, Paz \u201cN\u201d, es investigado por hecho ocurrido en Sabanitas<\/strong><\/li><\/ul>\n\n\n\n<!--more-->\n\n\n\n<p>La Fiscal\u00eda Especializada para la atenci\u00f3n de los Delitos de G\u00e9nero recab\u00f3 datos de prueba para acreditar ante la autoridad judicial la probable responsabilidad de un hombre en un feminicidio ocurrido en Huichapan.<\/p>\n\n\n\n<p>El vinculado a proceso, Paz \u201cN\u201d es investigado por hecho ocurrido en Sabanitas, del citado municipio, el 11 de mayo.<\/p>\n\n\n\n<p>Por el hallazgo del cuerpo sin vida de la v\u00edctima, se inici\u00f3 la carpeta de investigaci\u00f3n y con ello intervino la Fiscal\u00eda Especializada a trav\u00e9s de Ministerios P\u00fablicos, que comenzaron las indagatorias con protocolo de feminicidio.<\/p>\n\n\n\n<p>As\u00ed se reunieron datos de prueba y se solicit\u00f3 al juez orden de aprehensi\u00f3n contra Paz \u201cN\u201d.<\/p>\n\n\n\n<p>Concedido el mandamiento fue cumplido por agentes de la Polic\u00eda Investigadora; el imputado fue presentado a la autoridad judicial en audiencia inicial y se obtuvo vinculaci\u00f3n a proceso.<\/p>\n\n\n\n<p>Para el cierre de investigaci\u00f3n complementaria se fij\u00f3 un plazo de cuatro meses, y a Paz \u201cN\u201d le fue impuesta la medida cautelar de prisi\u00f3n preventiva oficiosa, por lo que permanece detenido.<\/p>\n","protected":false},"excerpt":{"rendered":"<p>El vinculado a proceso, Paz \u201cN\u201d, es investigado por hecho ocurrido en Sabanitas<\/p>\n","protected":false},"author":93,"featured_media":0,"comment_status":"closed","ping_status":"open","sticky":false,"template":"","format":"standard","meta":{"footnotes":""},"categories":[37],"tags":[251],"class_list":["post-112586","post","type-post","status-publish","format-standard","hentry","category-barandilla","tag-feminicidio"],"_links":{"self":[{"href":"https:\/\/plazajuarez.mx\/historico\/wp-json\/wp\/v2\/posts\/112586","targetHints":{"allow":["GET"]}}],"collection":[{"href":"https:\/\/plazajuarez.mx\/historico\/wp-json\/wp\/v2\/posts"}],"about":[{"href":"https:\/\/plazajuarez.mx\/historico\/wp-json\/wp\/v2\/types\/post"}],"author":[{"embeddable":true,"href":"https:\/\/plazajuarez.mx\/historico\/wp-json\/wp\/v2\/users\/93"}],"replies":[{"embeddable":true,"href":"https:\/\/plazajuarez.mx\/historico\/wp-json\/wp\/v2\/comments?post=112586"}],"version-history":[{"count":0,"href":"https:\/\/plazajuarez.mx\/historico\/wp-json\/wp\/v2\/posts\/112586\/revisions"}],"wp:attachment":[{"href":"https:\/\/plazajuarez.mx\/historico\/wp-json\/wp\/v2\/media?parent=112586"}],"wp:term":[{"taxonomy":"category","embeddable":true,"href":"https:\/\/plazajuarez.mx\/historico\/wp-json\/wp\/v2\/categories?post=112586"},{"taxonomy":"post_tag","embeddable":true,"href":"https:\/\/plazajuarez.mx\/historico\/wp-json\/wp\/v2\/tags?post=112586"}],"curies":[{"name":"wp","href":"https:\/\/api.w.org\/{rel}","templated":true}]}}