{"id":112565,"date":"2020-05-29T15:28:48","date_gmt":"2020-05-29T20:28:48","guid":{"rendered":"https:\/\/plazajuarez.mx\/?p=112565"},"modified":"2020-05-29T15:28:58","modified_gmt":"2020-05-29T20:28:58","slug":"arrestan-a-reportero-mientras-cubria-protestas-del-asesinato-de-floyd","status":"publish","type":"post","link":"https:\/\/plazajuarez.mx\/historico\/arrestan-a-reportero-mientras-cubria-protestas-del-asesinato-de-floyd\/","title":{"rendered":"Arrestan a reportero mientras cubr\u00eda protestas del asesinato de Floyd"},"content":{"rendered":"\n<ul class=\"wp-block-list\"><li><strong>El incidente pas\u00f3 en vivo en televisi\u00f3n nacional<\/strong><\/li><\/ul>\n\n\n\n<p>La polic\u00eda de Minneapolis arrest\u00f3 ilegalmente a Omar Jim\u00e9nez, un ex basquetbolista de la Universidad de Northwestern y ahora reportero de la cadena CNN, mientras realizaba una cobertura de los incidentes de las protestas del asesinato del ciudadano afroamericano George Floyd.<\/p>\n\n\n\n<p><br>Jim\u00e9nez, seg\u00fan describe el peri\u00f3dico Chicago Tribune, se encontraba realizando su trabajo cuando la polic\u00eda de ese estado comenz\u00f3 a esposarlo. El incidente pas\u00f3 en vivo en televisi\u00f3n nacional.<\/p>\n\n\n\n<hr class=\"wp-block-separator\"\/>\n\n\n\n<figure class=\"wp-block-embed-youtube aligncenter wp-block-embed is-type-video is-provider-youtube wp-embed-aspect-4-3 wp-has-aspect-ratio\"><div class=\"wp-block-embed__wrapper\">\n<iframe loading=\"lazy\" title=\"El momento en que arrestan en vivo a un reportero de CNN que cubr\u00eda las protestas en Minneapolis\" width=\"696\" height=\"522\" src=\"https:\/\/www.youtube.com\/embed\/eVXEdCh4ESY?feature=oembed&#038;enablejsapi=1\" frameborder=\"0\" allow=\"accelerometer; autoplay; clipboard-write; encrypted-media; gyroscope; picture-in-picture; web-share\" referrerpolicy=\"strict-origin-when-cross-origin\" allowfullscreen><\/iframe>\n<\/div><\/figure>\n\n\n\n<hr class=\"wp-block-separator\"\/>\n\n\n\n<p><br>&#8220;Estamos orgullosos del ex alumno de @NUMensBball @OmarJimenez por varias razones&#8221;, dijo el colegio en una publicaci\u00f3n en redes sociales. &#8220;Aqu\u00ed hay otro. En equilibrio y profesional. Mantente a salvo, Omar. Gracias por su compromiso de mantener informado al p\u00fablico&#8221;.<\/p>\n\n\n\n<p><br>Jim\u00e9nez se encontraba cubriendo las protestas de decenas de manifestantes, quienes salieron a las calles a protestar la muerte de Floyd, quien fue asesinado por un polic\u00eda de ese estado cuando le puso su rodilla en el cuello hasta matarlo.<\/p>\n\n\n\n<p><br>Floyd no se resisti\u00f3 al arresto y suplic\u00f3 que no lo dejaban respirar. Sin embargo, ninguno de los polic\u00edas involucrados respondi\u00f3 a su s\u00faplica.<br>Jim\u00e9nez fue liberado la ma\u00f1ana del viernes y el gobernador de Minneapolis se vio forzado a realizar una disculpa p\u00fablica por su arrest\u00f3.<\/p>\n","protected":false},"excerpt":{"rendered":"<p>El incidente pas\u00f3 en vivo en televisi\u00f3n nacional La polic\u00eda de Minneapolis arrest\u00f3 ilegalmente a Omar Jim\u00e9nez, un ex basquetbolista de la Universidad de Northwestern y ahora reportero de la cadena CNN, mientras realizaba una cobertura de los incidentes de las protestas del asesinato del ciudadano afroamericano George Floyd. Jim\u00e9nez, seg\u00fan describe el peri\u00f3dico Chicago [&hellip;]<\/p>\n","protected":false},"author":81,"featured_media":0,"comment_status":"closed","ping_status":"open","sticky":false,"template":"","format":"standard","meta":{"footnotes":""},"categories":[31],"tags":[228],"class_list":["post-112565","post","type-post","status-publish","format-standard","hentry","category-orbe","tag-george-floyd"],"_links":{"self":[{"href":"https:\/\/plazajuarez.mx\/historico\/wp-json\/wp\/v2\/posts\/112565","targetHints":{"allow":["GET"]}}],"collection":[{"href":"https:\/\/plazajuarez.mx\/historico\/wp-json\/wp\/v2\/posts"}],"about":[{"href":"https:\/\/plazajuarez.mx\/historico\/wp-json\/wp\/v2\/types\/post"}],"author":[{"embeddable":true,"href":"https:\/\/plazajuarez.mx\/historico\/wp-json\/wp\/v2\/users\/81"}],"replies":[{"embeddable":true,"href":"https:\/\/plazajuarez.mx\/historico\/wp-json\/wp\/v2\/comments?post=112565"}],"version-history":[{"count":0,"href":"https:\/\/plazajuarez.mx\/historico\/wp-json\/wp\/v2\/posts\/112565\/revisions"}],"wp:attachment":[{"href":"https:\/\/plazajuarez.mx\/historico\/wp-json\/wp\/v2\/media?parent=112565"}],"wp:term":[{"taxonomy":"category","embeddable":true,"href":"https:\/\/plazajuarez.mx\/historico\/wp-json\/wp\/v2\/categories?post=112565"},{"taxonomy":"post_tag","embeddable":true,"href":"https:\/\/plazajuarez.mx\/historico\/wp-json\/wp\/v2\/tags?post=112565"}],"curies":[{"name":"wp","href":"https:\/\/api.w.org\/{rel}","templated":true}]}}