{"id":112510,"date":"2020-05-29T07:47:01","date_gmt":"2020-05-29T12:47:01","guid":{"rendered":"https:\/\/plazajuarez.mx\/?p=112510"},"modified":"2020-05-29T07:47:09","modified_gmt":"2020-05-29T12:47:09","slug":"piden-sumar-esfuerzos-para-atender-pacientes","status":"publish","type":"post","link":"https:\/\/plazajuarez.mx\/historico\/piden-sumar-esfuerzos-para-atender-pacientes\/","title":{"rendered":"Piden sumar esfuerzos para atender pacientes"},"content":{"rendered":"\n<ul class=\"wp-block-list\"><li><strong>Dan de alta a paciente en Tizayuca; reconoce labor de personal m\u00e9dico\u00a0<\/strong><\/li><\/ul>\n\n\n\n<!--more-->\n\n\n\n<p>La jefa de enfermer\u00eda del Hospital General de Subzona (HGSZ) n\u00famero 33, ubicado en Tizayuca, Mar\u00eda del Carmen Daniells Cervantes, invit\u00f3 al personal m\u00e9dico a sumar esfuerzos en la atenci\u00f3n de pacientes con coronavirus.<\/p>\n\n\n\n<p>Lo anterior, luego de ser testigo del alta m\u00e9dica y egreso de un paciente diagnosticado con Covid-19, quien se recuper\u00f3 satisfactoriamente, pues siete d\u00edas despu\u00e9s de haber ingresado al \u00e1rea de aislados por coronavirus, fue dado de alta.&nbsp;<\/p>\n\n\n\n<p>Al respecto, refiri\u00f3 que el paciente ingres\u00f3 a la unidad con dificultad respiratoria, y despu\u00e9s de la revisi\u00f3n protocolaria, se determin\u00f3 su hospitalizaci\u00f3n para mantenerlo en vigilancia; de tal manera que estuvo bajo un tratamiento m\u00e9dico que le permiti\u00f3 una evoluci\u00f3n positiva.<\/p>\n\n\n\n<p>Cabe destacar que al egresar del nosocomio, el paciente reconoci\u00f3 el trabajo del personal m\u00e9dico: \u201cmuchas gracias a todos los doctores que me cuidaron, y me ayudaron a vencer esta enfermedad; en algunos momentos estuve boca abajo para que no me sintiera tan mal, y siempre estuvieron al pendiente de mi\u201d.<\/p>\n\n\n\n<p>A este reconocimiento se sum\u00f3 la esposa del derechohabiente recuperado: \u201cno s\u00e9 c\u00f3mo agradecerles todo lo que hicieron por \u00e9l, no tengo palabras, pero de verdad les doy las gracias; tambi\u00e9n por tenerme al tanto de su estado de salud y verlo, aunque sea a trav\u00e9s de la videollamada.\u201d<\/p>\n\n\n\n<p>Ante ello, Daniells Cervantes expres\u00f3 la satisfacci\u00f3n por tener la oportunidad de ver retirarse a los pacientes con coronavirus recuperados, despu\u00e9s de haber llegado enfermos al hospital para atenci\u00f3n.<\/p>\n\n\n\n<p>En ese sentido, invit\u00f3 al personal que atiende a pacientes con Covid-19, a sumar esfuerzos: \u201cs\u00edganse sumando en equipo a este trabajo; es dif\u00edcil, ya que ponen en riesgo su vida, pero al final la recompensa ser\u00e1 mayor\u201d.<\/p>\n","protected":false},"excerpt":{"rendered":"<p>Dan de alta a paciente en Tizayuca; reconoce labor de personal m\u00e9dico\u00a0<\/p>\n","protected":false},"author":73,"featured_media":0,"comment_status":"closed","ping_status":"open","sticky":false,"template":"","format":"standard","meta":{"footnotes":""},"categories":[59],"tags":[93,221],"class_list":["post-112510","post","type-post","status-publish","format-standard","hentry","category-general","tag-covid-19","tag-pacientes"],"_links":{"self":[{"href":"https:\/\/plazajuarez.mx\/historico\/wp-json\/wp\/v2\/posts\/112510","targetHints":{"allow":["GET"]}}],"collection":[{"href":"https:\/\/plazajuarez.mx\/historico\/wp-json\/wp\/v2\/posts"}],"about":[{"href":"https:\/\/plazajuarez.mx\/historico\/wp-json\/wp\/v2\/types\/post"}],"author":[{"embeddable":true,"href":"https:\/\/plazajuarez.mx\/historico\/wp-json\/wp\/v2\/users\/73"}],"replies":[{"embeddable":true,"href":"https:\/\/plazajuarez.mx\/historico\/wp-json\/wp\/v2\/comments?post=112510"}],"version-history":[{"count":0,"href":"https:\/\/plazajuarez.mx\/historico\/wp-json\/wp\/v2\/posts\/112510\/revisions"}],"wp:attachment":[{"href":"https:\/\/plazajuarez.mx\/historico\/wp-json\/wp\/v2\/media?parent=112510"}],"wp:term":[{"taxonomy":"category","embeddable":true,"href":"https:\/\/plazajuarez.mx\/historico\/wp-json\/wp\/v2\/categories?post=112510"},{"taxonomy":"post_tag","embeddable":true,"href":"https:\/\/plazajuarez.mx\/historico\/wp-json\/wp\/v2\/tags?post=112510"}],"curies":[{"name":"wp","href":"https:\/\/api.w.org\/{rel}","templated":true}]}}