{"id":1125,"date":"2015-02-20T06:00:00","date_gmt":"2015-02-20T06:00:00","guid":{"rendered":"http:\/\/plazajuarez.mx\/index\/index.php\/2015\/02\/20\/sin-pruebas-serias-acusaciones-a-militares-afirma-cienfuegos\/"},"modified":"2015-02-20T06:00:00","modified_gmt":"2015-02-20T06:00:00","slug":"sin-pruebas-serias-acusaciones-a-militares-afirma-cienfuegos","status":"publish","type":"post","link":"https:\/\/plazajuarez.mx\/historico\/sin-pruebas-serias-acusaciones-a-militares-afirma-cienfuegos\/","title":{"rendered":"\u201cSin pruebas serias\u201d, acusaciones  a militares, afirma Cienfuegos"},"content":{"rendered":"<p>M\u00e9xico, DF.- El secretario de la Defensa Nacional, general Salvador Cienfuegos, sali\u00f3 en defensa de los soldados acusados de violar derechos humanos, al se\u00f1alar que \u201cen ocasiones se nos ha se\u00f1alado sin agotar los cauces legales o sin pruebas serias, para tratar de desprestigiarnos y con ello da\u00f1ar la confianza en nosotros depositada&#8221;.<\/p>\n<p>  <!--more-->  <\/p>\n<p>\u00a0<\/p>\n<p>Al hablar ante el presidente Enrique Pe\u00f1a Nieto, los representantes de los poderes Legislativo y Judicial y del gabinete presidencial, Cienfuegos asever\u00f3 que \u201csiempre seremos los m\u00e1s interesados en que cualquier incidente que involucre la participaci\u00f3n de personal militar sea investigado a fondo y se esclarezca plenamente\u201d.<\/p>\n<p>Pongamos las cosas en claro, asever\u00f3, debe ser la autoridad judicial competente la que determine la responsabilidad correspondiente.<\/p>\n<p>En alusi\u00f3n a la desaparici\u00f3n de los 43 normalistas de Ayotzinapa, el general se adhiri\u00f3 a la pena de toda familia mexicana que ha sufrido la p\u00e9rdida de un ser querido, pero precis\u00f3 que esa solidaridad tambi\u00e9n estaba dirigida a los familiares de los soldados muertos en el cumplimiento de su deber.<\/p>\n<p>El militar reconoci\u00f3 que existen situaciones sensibles que han despertado el pensar y sentir de la sociedad y que en este sentido, las fuerzas armadas no han quedado exentas de dichas reflexiones. \u201cQuiero ser enf\u00e1tico: nos queda claro que es obligaci\u00f3n, que es exigencia de todos, sin excepci\u00f3n, respetar la ley, los preceptos jur\u00eddicos y las decisiones jurisdiccionales\u201d.<\/p>\n<p>Al mismo tiempo, dej\u00f3 en claro que el Ej\u00e9rcito velar\u00e1 por que los integrantes de la instituci\u00f3n reciban un juicio justo cuando en cumplimiento de sus misiones sean sujetos a un proceso legal.<\/p>\n<p>\u201cEn el gen institucional de las fuerzas armadas, en la consciencia de cada soldado, no existe el af\u00e1n de violentar los derechos de las personas o violentar el estado de derecho\u201d, dijo. Al contrario, agreg\u00f3, \u201cmantenemos el compromiso irrenunciable de actuar con transparencia, respetamos las determinaciones legislativas judiciales y promovemos el respeto a los derechos humanos\u201d. (Agencias)<\/p>\n","protected":false},"excerpt":{"rendered":"<p>M\u00e9xico, DF.- El secretario de la Defensa Nacional, general Salvador Cienfuegos, sali\u00f3 en defensa de los soldados acusados de violar derechos humanos, al se\u00f1alar que \u201cen ocasiones se nos ha se\u00f1alado sin agotar los cauces legales o sin pruebas serias, para tratar de desprestigiarnos y con ello da\u00f1ar la confianza en nosotros depositada&#8221;.<\/p>\n","protected":false},"author":93,"featured_media":0,"comment_status":"open","ping_status":"open","sticky":false,"template":"","format":"standard","meta":{"footnotes":""},"categories":[36],"tags":[],"class_list":["post-1125","post","type-post","status-publish","format-standard","hentry","category-nacion"],"_links":{"self":[{"href":"https:\/\/plazajuarez.mx\/historico\/wp-json\/wp\/v2\/posts\/1125","targetHints":{"allow":["GET"]}}],"collection":[{"href":"https:\/\/plazajuarez.mx\/historico\/wp-json\/wp\/v2\/posts"}],"about":[{"href":"https:\/\/plazajuarez.mx\/historico\/wp-json\/wp\/v2\/types\/post"}],"author":[{"embeddable":true,"href":"https:\/\/plazajuarez.mx\/historico\/wp-json\/wp\/v2\/users\/93"}],"replies":[{"embeddable":true,"href":"https:\/\/plazajuarez.mx\/historico\/wp-json\/wp\/v2\/comments?post=1125"}],"version-history":[{"count":0,"href":"https:\/\/plazajuarez.mx\/historico\/wp-json\/wp\/v2\/posts\/1125\/revisions"}],"wp:attachment":[{"href":"https:\/\/plazajuarez.mx\/historico\/wp-json\/wp\/v2\/media?parent=1125"}],"wp:term":[{"taxonomy":"category","embeddable":true,"href":"https:\/\/plazajuarez.mx\/historico\/wp-json\/wp\/v2\/categories?post=1125"},{"taxonomy":"post_tag","embeddable":true,"href":"https:\/\/plazajuarez.mx\/historico\/wp-json\/wp\/v2\/tags?post=1125"}],"curies":[{"name":"wp","href":"https:\/\/api.w.org\/{rel}","templated":true}]}}