{"id":112456,"date":"2020-05-29T06:16:05","date_gmt":"2020-05-29T11:16:05","guid":{"rendered":"https:\/\/plazajuarez.mx\/?p=112456"},"modified":"2020-05-29T06:40:37","modified_gmt":"2020-05-29T11:40:37","slug":"covid-puede-provocar-una-caida-fiscal-de-421-mmdp","status":"publish","type":"post","link":"https:\/\/plazajuarez.mx\/historico\/covid-puede-provocar-una-caida-fiscal-de-421-mmdp\/","title":{"rendered":"&#8220;Covid puede provocar una ca\u00edda fiscal de 421 mmdp&#8221;"},"content":{"rendered":"\n<ul class=\"wp-block-list\"><li><strong>&#8220;Ca\u00eddas anuales del PIB real entre 7% y 12% en 2020 ir\u00edan en detrimento de los ingresos tributarios\u201d&nbsp;<\/strong><\/li><\/ul>\n\n\n\n<!--more-->\n\n\n\n<p>\u201cLa ca\u00edda del PIB implicar\u00eda contracciones anuales reales en los ingresos p\u00fablicos entre 9.4% y 13.1%&#8221;, dijo BBVA<\/p>\n\n\n\n<p>BBVA estim\u00f3 que ante el impacto por la pandemia los ingresos tributarios del gobierno podr\u00edan tener una ca\u00edda entre 216 mil y 421 mil millones de pesos en 2020, respecto al monto estimado por la Secretar\u00eda de Hacienda en PreCriterios Generales de Pol\u00edtica Econ\u00f3mica 2021.<\/p>\n\n\n\n<p>Lo anterior, a partir de los dos escenarios de BBVA sobre la contracci\u00f3n de la actividad econ\u00f3mica en M\u00e9xico en 2020, donde espera una ca\u00edda entre 7 y 12% al cierre del a\u00f1o.<\/p>\n\n\n\n<p>Para la firma, ante un escenario de menores ingresos tributarios para cumplir con la meta de d\u00e9ficit primario de 0.4% del PIB para 2020, el gobierno federal tendr\u00eda que recortar el gasto p\u00fablico entre 209 mil millones y 418 mil millones de pesos durante 2020.<\/p>\n","protected":false},"excerpt":{"rendered":"<p>&#8220;Ca\u00eddas anuales del PIB real entre 7% y 12% en 2020 ir\u00edan en detrimento de los ingresos tributarios\u201d&nbsp;<\/p>\n","protected":false},"author":81,"featured_media":0,"comment_status":"closed","ping_status":"open","sticky":false,"template":"","format":"standard","meta":{"footnotes":""},"categories":[36],"tags":[195,93,196],"class_list":["post-112456","post","type-post","status-publish","format-standard","hentry","category-nacion","tag-caida-fiscal","tag-covid-19","tag-pib"],"_links":{"self":[{"href":"https:\/\/plazajuarez.mx\/historico\/wp-json\/wp\/v2\/posts\/112456","targetHints":{"allow":["GET"]}}],"collection":[{"href":"https:\/\/plazajuarez.mx\/historico\/wp-json\/wp\/v2\/posts"}],"about":[{"href":"https:\/\/plazajuarez.mx\/historico\/wp-json\/wp\/v2\/types\/post"}],"author":[{"embeddable":true,"href":"https:\/\/plazajuarez.mx\/historico\/wp-json\/wp\/v2\/users\/81"}],"replies":[{"embeddable":true,"href":"https:\/\/plazajuarez.mx\/historico\/wp-json\/wp\/v2\/comments?post=112456"}],"version-history":[{"count":0,"href":"https:\/\/plazajuarez.mx\/historico\/wp-json\/wp\/v2\/posts\/112456\/revisions"}],"wp:attachment":[{"href":"https:\/\/plazajuarez.mx\/historico\/wp-json\/wp\/v2\/media?parent=112456"}],"wp:term":[{"taxonomy":"category","embeddable":true,"href":"https:\/\/plazajuarez.mx\/historico\/wp-json\/wp\/v2\/categories?post=112456"},{"taxonomy":"post_tag","embeddable":true,"href":"https:\/\/plazajuarez.mx\/historico\/wp-json\/wp\/v2\/tags?post=112456"}],"curies":[{"name":"wp","href":"https:\/\/api.w.org\/{rel}","templated":true}]}}